{"id":8263,"date":"2012-05-04T17:06:11","date_gmt":"2012-05-04T15:06:11","guid":{"rendered":"http:\/\/ekid.se\/?p=8263"},"modified":"2024-02-04T20:13:09","modified_gmt":"2024-02-04T18:13:09","slug":"italien-2012","status":"publish","type":"post","link":"https:\/\/ekid.se\/?p=8263","title":{"rendered":"Italien 2012"},"content":{"rendered":"<p><a rel=\"attachment wp-att-8266\" href=\"http:\/\/ekid.se\/?attachment_id=8266\"><img loading=\"lazy\" decoding=\"async\" class=\"alignleft size-medium wp-image-8266\" title=\"kolonin 2010_05_29-13\" src=\"http:\/\/ekid.se\/wp-content\/uploads\/2012\/05\/kolonin-2010_05_29-13-590x442.jpg\" alt=\"\" width=\"590\" height=\"442\" srcset=\"https:\/\/ekid.se\/wp-content\/uploads\/2012\/05\/kolonin-2010_05_29-13-590x442.jpg 590w, https:\/\/ekid.se\/wp-content\/uploads\/2012\/05\/kolonin-2010_05_29-13-233x175.jpg 233w, https:\/\/ekid.se\/wp-content\/uploads\/2012\/05\/kolonin-2010_05_29-13.jpg 950w\" sizes=\"auto, (max-width: 590px) 100vw, 590px\" \/><\/a><\/p>\n<p>I samband med ett EU-m\u00f6te i Spoleto i Umbrien, en timmes t\u00e5gf\u00e4rd norr om Rom, passade jag p\u00e5 att ta ledigt och stanna n\u00e5gra dagar i Bologna, Podeltat samt bergen syd\u00f6st om Bologna. Resan inleddes onsdagen den 25 april klockan 06:00 med t\u00e5gf\u00e4rd till K\u00f6penhamn-Hamburg-M\u00fcnchen d\u00e4r jag tog natt\u00e5g till Florens. P\u00e5 grund av jordskred i Brennerpasset fick t\u00e5get ta en annan v\u00e4g och vi blev 9 timmar f\u00f6rsenade till Florens. Vi skulle varit framme 06:00 men kom fram 15:00. Det tog mig sedan ytterligare fyra timmar till Spoleto p\u00e5 sm\u00e5 lokala t\u00e5glinjer. Spoleto \u00e4r en mycket trevlig bergsstad med romerska anor. H\u00e4r finns fortfarande en amfiteater bevarad, samt en akvedukt och sp\u00e5r av arenan. H\u00f6gt \u00f6ver staden vaktar borgen som \u00e4r v\u00e4lbevarad. Staden \u00e4r kuperad och har m\u00e5nga fina palats, smala gr\u00e4nder och mysiga torg.<\/p>\n<p><a rel=\"attachment wp-att-8265\" href=\"http:\/\/ekid.se\/?attachment_id=8265\"><img loading=\"lazy\" decoding=\"async\" class=\"alignleft size-medium wp-image-8265\" title=\"kolonin 2010_05_29-12\" src=\"http:\/\/ekid.se\/wp-content\/uploads\/2012\/05\/kolonin-2010_05_29-12-590x442.jpg\" alt=\"\" width=\"590\" height=\"442\" srcset=\"https:\/\/ekid.se\/wp-content\/uploads\/2012\/05\/kolonin-2010_05_29-12-590x442.jpg 590w, https:\/\/ekid.se\/wp-content\/uploads\/2012\/05\/kolonin-2010_05_29-12-233x175.jpg 233w, https:\/\/ekid.se\/wp-content\/uploads\/2012\/05\/kolonin-2010_05_29-12.jpg 950w\" sizes=\"auto, (max-width: 590px) 100vw, 590px\" \/><\/a><\/p>\n<p><a rel=\"attachment wp-att-8264\" href=\"http:\/\/ekid.se\/?attachment_id=8264\"><img loading=\"lazy\" decoding=\"async\" class=\"alignleft size-medium wp-image-8264\" title=\"kolonin 2010_05_29-14\" src=\"http:\/\/ekid.se\/wp-content\/uploads\/2012\/05\/kolonin-2010_05_29-14-590x442.jpg\" alt=\"\" width=\"590\" height=\"442\" srcset=\"https:\/\/ekid.se\/wp-content\/uploads\/2012\/05\/kolonin-2010_05_29-14-590x442.jpg 590w, https:\/\/ekid.se\/wp-content\/uploads\/2012\/05\/kolonin-2010_05_29-14-233x175.jpg 233w, https:\/\/ekid.se\/wp-content\/uploads\/2012\/05\/kolonin-2010_05_29-14.jpg 950w\" sizes=\"auto, (max-width: 590px) 100vw, 590px\" \/><\/a><\/p>\n<p>Fredag \u00e4gnades \u00e5t m\u00f6ten och p\u00e5 l\u00f6rdagen p\u00e5b\u00f6rjade jag f\u00e4rden till Bologna via Rom. Tyv\u00e4rr blev t\u00e5get mer \u00e4n en timma f\u00f6rsenat till Rom och jag fick k\u00f6a i en timma f\u00f6r att f\u00e5 en ny platsbiljett till klockan 13:30. Kommer fram till Bologna 16:00 och kan checka in p\u00e5 hotellet Millenn n\u00e4ra stationen. Bologna \u00e4r en mycket trevlig stad med ett stort medeltida centrum och flera mil med arkader l\u00e4ngs gatorna. H\u00e4r finns n\u00e5gra bevarade h\u00f6ga medeltida torn och i det h\u00f6gsta kan man g\u00e5 upp. Det g\u00e4ller att inte ha svindel f\u00f6r det \u00e4r smala tr\u00e4trappor p\u00e5 insidan av v\u00e4ggarna i tornet som man kl\u00e4ttrar upp ca 90 meter. Fr\u00e5n toppen har man en enast\u00e5ende utsikt \u00f6ver staden. Bologna \u00e4r ocks\u00e5 k\u00e4nd f\u00f6r Europas \u00e4ldsta universitet samt fantastiskt god mat. N\u00e4r man best\u00e4ller dryck f\u00e5r man omfattande sm\u00e5r\u00e4tter som tilltugg och n\u00e5gra drinkar r\u00e4cker f\u00f6r att f\u00e5 ihop en middag.<\/p>\n<p><a rel=\"attachment wp-att-8276\" href=\"http:\/\/ekid.se\/?attachment_id=8276\"><img loading=\"lazy\" decoding=\"async\" class=\"alignleft size-medium wp-image-8276\" title=\"kolonin 2010_05_29-91\" src=\"http:\/\/ekid.se\/wp-content\/uploads\/2012\/05\/kolonin-2010_05_29-91-590x442.jpg\" alt=\"\" width=\"590\" height=\"442\" srcset=\"https:\/\/ekid.se\/wp-content\/uploads\/2012\/05\/kolonin-2010_05_29-91-590x442.jpg 590w, https:\/\/ekid.se\/wp-content\/uploads\/2012\/05\/kolonin-2010_05_29-91-233x175.jpg 233w, https:\/\/ekid.se\/wp-content\/uploads\/2012\/05\/kolonin-2010_05_29-91.jpg 950w\" sizes=\"auto, (max-width: 590px) 100vw, 590px\" \/><\/a><\/p>\n<p><a rel=\"attachment wp-att-8283\" href=\"http:\/\/ekid.se\/?attachment_id=8283\"><img loading=\"lazy\" decoding=\"async\" class=\"alignleft size-medium wp-image-8283\" title=\"kolonin 2010_05_29-55\" src=\"http:\/\/ekid.se\/wp-content\/uploads\/2012\/05\/kolonin-2010_05_29-55-590x442.jpg\" alt=\"\" width=\"590\" height=\"442\" srcset=\"https:\/\/ekid.se\/wp-content\/uploads\/2012\/05\/kolonin-2010_05_29-55-590x442.jpg 590w, https:\/\/ekid.se\/wp-content\/uploads\/2012\/05\/kolonin-2010_05_29-55-233x175.jpg 233w, https:\/\/ekid.se\/wp-content\/uploads\/2012\/05\/kolonin-2010_05_29-55.jpg 950w\" sizes=\"auto, (max-width: 590px) 100vw, 590px\" \/><\/a><\/p>\n<p>M\u00e5ndag till torsdag hyrde vi bil och k\u00f6rde via Ferrara till norra delen av provinsen Emilia Romagnas del av reservatet Podeltat. Tv\u00e5 n\u00e4tter i Ravenna gav goda m\u00f6jligheter att b\u00e5de utforska v\u00e5tmarkerna och sumpskogarna samt den intressanta staden.<\/p>\n<p><a rel=\"attachment wp-att-8278\" href=\"http:\/\/ekid.se\/?attachment_id=8278\"><img loading=\"lazy\" decoding=\"async\" class=\"alignleft size-medium wp-image-8278\" title=\"kolonin 2010_05_29-165\" src=\"http:\/\/ekid.se\/wp-content\/uploads\/2012\/05\/kolonin-2010_05_29-165-590x391.jpg\" alt=\"\" width=\"590\" height=\"391\" srcset=\"https:\/\/ekid.se\/wp-content\/uploads\/2012\/05\/kolonin-2010_05_29-165-590x391.jpg 590w, https:\/\/ekid.se\/wp-content\/uploads\/2012\/05\/kolonin-2010_05_29-165-263x175.jpg 263w, https:\/\/ekid.se\/wp-content\/uploads\/2012\/05\/kolonin-2010_05_29-165.jpg 950w\" sizes=\"auto, (max-width: 590px) 100vw, 590px\" \/><\/a><\/p>\n<p><a rel=\"attachment wp-att-8277\" href=\"http:\/\/ekid.se\/?attachment_id=8277\"><img loading=\"lazy\" decoding=\"async\" class=\"alignleft size-medium wp-image-8277\" title=\"kolonin 2010_05_29-160\" src=\"http:\/\/ekid.se\/wp-content\/uploads\/2012\/05\/kolonin-2010_05_29-160-590x390.jpg\" alt=\"\" width=\"590\" height=\"390\" srcset=\"https:\/\/ekid.se\/wp-content\/uploads\/2012\/05\/kolonin-2010_05_29-160-590x390.jpg 590w, https:\/\/ekid.se\/wp-content\/uploads\/2012\/05\/kolonin-2010_05_29-160-264x175.jpg 264w, https:\/\/ekid.se\/wp-content\/uploads\/2012\/05\/kolonin-2010_05_29-160.jpg 950w\" sizes=\"auto, (max-width: 590px) 100vw, 590px\" \/><\/a><\/p>\n<p>P\u00e5 onsdagen forsatte f\u00e4rden upp till bergen i Appenierna via San Marino, Ett av Europas \u00e4ldsta l\u00e4nder och dessutom ett av de mista med endast 60 000 inv\u00e5nare. Fr\u00e5n klippstaden har man en fantastisk utsikt \u00f6ver landskapet. H\u00e4r \u00e4r m\u00e5nga turister och m\u00e5nga av byggnaderna \u00e4r restaurerade och i fint skick.<\/p>\n<p><a rel=\"attachment wp-att-8273\" href=\"http:\/\/ekid.se\/?attachment_id=8273\"><img loading=\"lazy\" decoding=\"async\" class=\"alignleft size-medium wp-image-8273\" title=\"kolonin 2010_05_29-196\" src=\"http:\/\/ekid.se\/wp-content\/uploads\/2012\/05\/kolonin-2010_05_29-196-590x390.jpg\" alt=\"\" width=\"590\" height=\"390\" srcset=\"https:\/\/ekid.se\/wp-content\/uploads\/2012\/05\/kolonin-2010_05_29-196-590x390.jpg 590w, https:\/\/ekid.se\/wp-content\/uploads\/2012\/05\/kolonin-2010_05_29-196-264x175.jpg 264w, https:\/\/ekid.se\/wp-content\/uploads\/2012\/05\/kolonin-2010_05_29-196.jpg 950w\" sizes=\"auto, (max-width: 590px) 100vw, 590px\" \/><\/a><\/p>\n<p>Fortsatte upp i Appennierna och nationalparken Castentinesi. H\u00f6gre upp var bokskogen precis utslagen eller h\u00f6ll p\u00e5 att sl\u00e5 ut. Slingriga v\u00e4gar med kraftig stigning. Anl\u00e4nder till den lilla borgstaden Portico di Romagna och bor p\u00e5 underbara conventio Vecchio. Ett gammalt convent som gjorts till hotell med historisk charm. Underbar mat och stor g\u00e4stv\u00e4nlighet.<\/p>\n<p><a rel=\"attachment wp-att-8333\" href=\"http:\/\/ekid.se\/?attachment_id=8333\"><img loading=\"lazy\" decoding=\"async\" class=\"alignleft size-medium wp-image-8333\" title=\"kolonin 2010_05_29-202\" src=\"http:\/\/ekid.se\/wp-content\/uploads\/2012\/05\/kolonin-2010_05_29-202-590x390.jpg\" alt=\"\" width=\"590\" height=\"390\" srcset=\"https:\/\/ekid.se\/wp-content\/uploads\/2012\/05\/kolonin-2010_05_29-202-590x390.jpg 590w, https:\/\/ekid.se\/wp-content\/uploads\/2012\/05\/kolonin-2010_05_29-202-950x629.jpg 950w, https:\/\/ekid.se\/wp-content\/uploads\/2012\/05\/kolonin-2010_05_29-202-264x175.jpg 264w\" sizes=\"auto, (max-width: 590px) 100vw, 590px\" \/><\/a><a rel=\"attachment wp-att-8334\" href=\"http:\/\/ekid.se\/?attachment_id=8334\"><img loading=\"lazy\" decoding=\"async\" class=\"alignleft size-medium wp-image-8334\" title=\"kolonin 2010_05_29-203\" src=\"http:\/\/ekid.se\/wp-content\/uploads\/2012\/05\/kolonin-2010_05_29-203-590x442.jpg\" alt=\"\" width=\"590\" height=\"442\" srcset=\"https:\/\/ekid.se\/wp-content\/uploads\/2012\/05\/kolonin-2010_05_29-203-590x442.jpg 590w, https:\/\/ekid.se\/wp-content\/uploads\/2012\/05\/kolonin-2010_05_29-203-950x712.jpg 950w, https:\/\/ekid.se\/wp-content\/uploads\/2012\/05\/kolonin-2010_05_29-203-233x175.jpg 233w\" sizes=\"auto, (max-width: 590px) 100vw, 590px\" \/><\/a><\/p>\n<p>Onsdag \u00e4r sista dagen i Italen och vi g\u00f6r en mycket trevlig vandring upp till Cascade di Dante. En vandring p\u00e5 ca tv\u00e5 timmar enkel v\u00e4g. Ca 10 orkid\u00e9er p\u00e5 v\u00e4gen upp och en ny art groddjur d\u00e5 vi s\u00e5g en italiensk klockgroda. Vattenfallet \u00e4r mycket vackert och v\u00e4l v\u00e4rt vandringen upp.<\/p>\n<p><a rel=\"attachment wp-att-8275\" href=\"http:\/\/ekid.se\/?attachment_id=8275\"><img loading=\"lazy\" decoding=\"async\" class=\"alignleft size-medium wp-image-8275\" title=\"kolonin 2010_05_29-234\" src=\"http:\/\/ekid.se\/wp-content\/uploads\/2012\/05\/kolonin-2010_05_29-234-590x390.jpg\" alt=\"\" width=\"590\" height=\"390\" srcset=\"https:\/\/ekid.se\/wp-content\/uploads\/2012\/05\/kolonin-2010_05_29-234-590x390.jpg 590w, https:\/\/ekid.se\/wp-content\/uploads\/2012\/05\/kolonin-2010_05_29-234-264x175.jpg 264w, https:\/\/ekid.se\/wp-content\/uploads\/2012\/05\/kolonin-2010_05_29-234.jpg 950w\" sizes=\"auto, (max-width: 590px) 100vw, 590px\" \/><\/a><\/p>\n<p><a rel=\"attachment wp-att-8272\" href=\"http:\/\/ekid.se\/?attachment_id=8272\"><img loading=\"lazy\" decoding=\"async\" class=\"alignleft size-medium wp-image-8272\" title=\"kolonin 2010_05_29-235\" src=\"http:\/\/ekid.se\/wp-content\/uploads\/2012\/05\/kolonin-2010_05_29-235-590x390.jpg\" alt=\"\" width=\"590\" height=\"390\" srcset=\"https:\/\/ekid.se\/wp-content\/uploads\/2012\/05\/kolonin-2010_05_29-235-590x390.jpg 590w, https:\/\/ekid.se\/wp-content\/uploads\/2012\/05\/kolonin-2010_05_29-235-264x175.jpg 264w, https:\/\/ekid.se\/wp-content\/uploads\/2012\/05\/kolonin-2010_05_29-235.jpg 950w\" sizes=\"auto, (max-width: 590px) 100vw, 590px\" \/><\/a><\/p>\n<p>\u00c5terv\u00e4nder till Bologna, tar natt\u00e5get till M\u00fcnchen, forts\u00e4tter via Hamburg till K\u00f6penhamn och \u00e4r i Lund ca klockan nio p\u00e5 fredag kv\u00e4ll.<\/p>\n","protected":false},"excerpt":{"rendered":"<p>I samband med ett EU-m\u00f6te i Spoleto i Umbrien, en timmes t\u00e5gf\u00e4rd norr om Rom, passade jag p\u00e5 att ta [&hellip;]<\/p>\n","protected":false},"author":1,"featured_media":8273,"comment_status":"closed","ping_status":"closed","sticky":false,"template":"","format":"standard","meta":{"footnotes":""},"categories":[5],"tags":[],"class_list":["post-8263","post","type-post","status-publish","format-standard","has-post-thumbnail","hentry","category-resor"],"_links":{"self":[{"href":"https:\/\/ekid.se\/index.php?rest_route=\/wp\/v2\/posts\/8263","targetHints":{"allow":["GET"]}}],"collection":[{"href":"https:\/\/ekid.se\/index.php?rest_route=\/wp\/v2\/posts"}],"about":[{"href":"https:\/\/ekid.se\/index.php?rest_route=\/wp\/v2\/types\/post"}],"author":[{"embeddable":true,"href":"https:\/\/ekid.se\/index.php?rest_route=\/wp\/v2\/users\/1"}],"replies":[{"embeddable":true,"href":"https:\/\/ekid.se\/index.php?rest_route=%2Fwp%2Fv2%2Fcomments&post=8263"}],"version-history":[{"count":11,"href":"https:\/\/ekid.se\/index.php?rest_route=\/wp\/v2\/posts\/8263\/revisions"}],"predecessor-version":[{"id":8269,"href":"https:\/\/ekid.se\/index.php?rest_route=\/wp\/v2\/posts\/8263\/revisions\/8269"}],"wp:featuredmedia":[{"embeddable":true,"href":"https:\/\/ekid.se\/index.php?rest_route=\/wp\/v2\/media\/8273"}],"wp:attachment":[{"href":"https:\/\/ekid.se\/index.php?rest_route=%2Fwp%2Fv2%2Fmedia&parent=8263"}],"wp:term":[{"taxonomy":"category","embeddable":true,"href":"https:\/\/ekid.se\/index.php?rest_route=%2Fwp%2Fv2%2Fcategories&post=8263"},{"taxonomy":"post_tag","embeddable":true,"href":"https:\/\/ekid.se\/index.php?rest_route=%2Fwp%2Fv2%2Ftags&post=8263"}],"curies":[{"name":"wp","href":"https:\/\/api.w.org\/{rel}","templated":true}]}}