{"id":7189,"date":"2011-06-04T13:06:01","date_gmt":"2011-06-04T11:06:01","guid":{"rendered":"http:\/\/ekid.se\/?p=7189"},"modified":"2024-02-04T21:06:53","modified_gmt":"2024-02-04T19:06:53","slug":"vasterviks-naturum","status":"publish","type":"post","link":"https:\/\/ekid.se\/?p=7189","title":{"rendered":"V\u00e4sterviks naturum"},"content":{"rendered":"<p><a rel=\"attachment wp-att-7280\" href=\"http:\/\/ekid.se\/?attachment_id=7280\"><img loading=\"lazy\" decoding=\"async\" class=\"alignleft size-medium wp-image-7280\" title=\"PB_vastervik_110604_IMGP5703\" src=\"http:\/\/ekid.se\/wp-content\/uploads\/2011\/06\/PB_vastervik_110604_IMGP5703-590x390.jpg\" alt=\"\" width=\"590\" height=\"390\" srcset=\"https:\/\/ekid.se\/wp-content\/uploads\/2011\/06\/PB_vastervik_110604_IMGP5703-590x390.jpg 590w, https:\/\/ekid.se\/wp-content\/uploads\/2011\/06\/PB_vastervik_110604_IMGP5703-264x175.jpg 264w, https:\/\/ekid.se\/wp-content\/uploads\/2011\/06\/PB_vastervik_110604_IMGP5703.jpg 950w\" sizes=\"auto, (max-width: 590px) 100vw, 590px\" \/><\/a>V\u00e4sterviks naturum ligger tillsammans med ett kulturhistoriskt museum p\u00e5 en \u00f6 utanf\u00f6r V\u00e4stervik. Naturum har en mindre utst\u00e4llning och ett rum f\u00f6r workshops och utst\u00e4llningar av skolarbeten. \u00d6vriga delar av utst\u00e4llningen \u00e4r gamla f\u00f6rem\u00e5l fr\u00e5n sk\u00e4rg\u00e5rden. Utanf\u00f6r huvudbyggnaden finns \u00e4ldre byggnader som flyttats hit samt en fyr som ger utsikt \u00f6ver landskapet och staden.<\/p>\n<p><a rel=\"attachment wp-att-7282\" href=\"http:\/\/ekid.se\/?attachment_id=7282\"><img loading=\"lazy\" decoding=\"async\" class=\"alignleft size-medium wp-image-7282\" title=\"PB_vastervik_110604_IMGP5704\" src=\"http:\/\/ekid.se\/wp-content\/uploads\/2011\/06\/PB_vastervik_110604_IMGP5704-590x390.jpg\" alt=\"\" width=\"590\" height=\"390\" srcset=\"https:\/\/ekid.se\/wp-content\/uploads\/2011\/06\/PB_vastervik_110604_IMGP5704-590x390.jpg 590w, https:\/\/ekid.se\/wp-content\/uploads\/2011\/06\/PB_vastervik_110604_IMGP5704-264x175.jpg 264w, https:\/\/ekid.se\/wp-content\/uploads\/2011\/06\/PB_vastervik_110604_IMGP5704.jpg 950w\" sizes=\"auto, (max-width: 590px) 100vw, 590px\" \/><\/a><\/p>\n<p><a rel=\"attachment wp-att-7283\" href=\"http:\/\/ekid.se\/?attachment_id=7283\"><img loading=\"lazy\" decoding=\"async\" class=\"alignleft size-medium wp-image-7283\" title=\"PB_vastervik_110604_IMGP5705\" src=\"http:\/\/ekid.se\/wp-content\/uploads\/2011\/06\/PB_vastervik_110604_IMGP5705-590x390.jpg\" alt=\"\" width=\"590\" height=\"390\" srcset=\"https:\/\/ekid.se\/wp-content\/uploads\/2011\/06\/PB_vastervik_110604_IMGP5705-590x390.jpg 590w, https:\/\/ekid.se\/wp-content\/uploads\/2011\/06\/PB_vastervik_110604_IMGP5705-264x175.jpg 264w, https:\/\/ekid.se\/wp-content\/uploads\/2011\/06\/PB_vastervik_110604_IMGP5705.jpg 950w\" sizes=\"auto, (max-width: 590px) 100vw, 590px\" \/><\/a><\/p>\n<p><a rel=\"attachment wp-att-7284\" href=\"http:\/\/ekid.se\/?attachment_id=7284\"><img loading=\"lazy\" decoding=\"async\" class=\"alignleft size-medium wp-image-7284\" title=\"PB_vastervik_110604_IMGP5707\" src=\"http:\/\/ekid.se\/wp-content\/uploads\/2011\/06\/PB_vastervik_110604_IMGP5707-590x390.jpg\" alt=\"\" width=\"590\" height=\"390\" srcset=\"https:\/\/ekid.se\/wp-content\/uploads\/2011\/06\/PB_vastervik_110604_IMGP5707-590x390.jpg 590w, https:\/\/ekid.se\/wp-content\/uploads\/2011\/06\/PB_vastervik_110604_IMGP5707-264x175.jpg 264w, https:\/\/ekid.se\/wp-content\/uploads\/2011\/06\/PB_vastervik_110604_IMGP5707.jpg 950w\" sizes=\"auto, (max-width: 590px) 100vw, 590px\" \/><\/a><\/p>\n<p><a rel=\"attachment wp-att-7285\" href=\"http:\/\/ekid.se\/?attachment_id=7285\"><img loading=\"lazy\" decoding=\"async\" class=\"alignleft size-medium wp-image-7285\" title=\"PB_vastervik_110604_IMGP5713\" src=\"http:\/\/ekid.se\/wp-content\/uploads\/2011\/06\/PB_vastervik_110604_IMGP5713-590x390.jpg\" alt=\"\" width=\"590\" height=\"390\" srcset=\"https:\/\/ekid.se\/wp-content\/uploads\/2011\/06\/PB_vastervik_110604_IMGP5713-590x390.jpg 590w, https:\/\/ekid.se\/wp-content\/uploads\/2011\/06\/PB_vastervik_110604_IMGP5713-264x175.jpg 264w, https:\/\/ekid.se\/wp-content\/uploads\/2011\/06\/PB_vastervik_110604_IMGP5713.jpg 950w\" sizes=\"auto, (max-width: 590px) 100vw, 590px\" \/><\/a><\/p>\n","protected":false},"excerpt":{"rendered":"<p>V\u00e4sterviks naturum ligger tillsammans med ett kulturhistoriskt museum p\u00e5 en \u00f6 utanf\u00f6r V\u00e4stervik. Naturum har en mindre utst\u00e4llning och ett [&hellip;]<\/p>\n","protected":false},"author":1,"featured_media":7280,"comment_status":"closed","ping_status":"closed","sticky":false,"template":"","format":"standard","meta":{"footnotes":""},"categories":[41],"tags":[],"class_list":["post-7189","post","type-post","status-publish","format-standard","has-post-thumbnail","hentry","category-naturum"],"_links":{"self":[{"href":"https:\/\/ekid.se\/index.php?rest_route=\/wp\/v2\/posts\/7189","targetHints":{"allow":["GET"]}}],"collection":[{"href":"https:\/\/ekid.se\/index.php?rest_route=\/wp\/v2\/posts"}],"about":[{"href":"https:\/\/ekid.se\/index.php?rest_route=\/wp\/v2\/types\/post"}],"author":[{"embeddable":true,"href":"https:\/\/ekid.se\/index.php?rest_route=\/wp\/v2\/users\/1"}],"replies":[{"embeddable":true,"href":"https:\/\/ekid.se\/index.php?rest_route=%2Fwp%2Fv2%2Fcomments&post=7189"}],"version-history":[{"count":7,"href":"https:\/\/ekid.se\/index.php?rest_route=\/wp\/v2\/posts\/7189\/revisions"}],"predecessor-version":[{"id":7417,"href":"https:\/\/ekid.se\/index.php?rest_route=\/wp\/v2\/posts\/7189\/revisions\/7417"}],"wp:featuredmedia":[{"embeddable":true,"href":"https:\/\/ekid.se\/index.php?rest_route=\/wp\/v2\/media\/7280"}],"wp:attachment":[{"href":"https:\/\/ekid.se\/index.php?rest_route=%2Fwp%2Fv2%2Fmedia&parent=7189"}],"wp:term":[{"taxonomy":"category","embeddable":true,"href":"https:\/\/ekid.se\/index.php?rest_route=%2Fwp%2Fv2%2Fcategories&post=7189"},{"taxonomy":"post_tag","embeddable":true,"href":"https:\/\/ekid.se\/index.php?rest_route=%2Fwp%2Fv2%2Ftags&post=7189"}],"curies":[{"name":"wp","href":"https:\/\/api.w.org\/{rel}","templated":true}]}}