{"id":7095,"date":"2011-09-19T11:49:05","date_gmt":"2011-09-19T09:49:05","guid":{"rendered":"http:\/\/ekid.se\/?p=7095"},"modified":"2024-02-04T20:21:30","modified_gmt":"2024-02-04T18:21:30","slug":"tresticklans-nationalpark","status":"publish","type":"post","link":"https:\/\/ekid.se\/?p=7095","title":{"rendered":"Tresticklans nationalpark"},"content":{"rendered":"<p><a rel=\"attachment wp-att-7103\" href=\"http:\/\/ekid.se\/?attachment_id=7103\"><img loading=\"lazy\" decoding=\"async\" class=\"alignleft size-medium wp-image-7103\" title=\"PB_tresticklan_110919_IMGP0119\" src=\"http:\/\/ekid.se\/wp-content\/uploads\/2011\/09\/PB_tresticklan_110919_IMGP0119-590x390.jpg\" alt=\"\" width=\"590\" height=\"390\" srcset=\"https:\/\/ekid.se\/wp-content\/uploads\/2011\/09\/PB_tresticklan_110919_IMGP0119-590x390.jpg 590w, https:\/\/ekid.se\/wp-content\/uploads\/2011\/09\/PB_tresticklan_110919_IMGP0119-264x175.jpg 264w, https:\/\/ekid.se\/wp-content\/uploads\/2011\/09\/PB_tresticklan_110919_IMGP0119.jpg 950w\" sizes=\"auto, (max-width: 590px) 100vw, 590px\" \/><\/a><\/p>\n<p>Tresticklands nationalpark best\u00e5r av ett stort v\u00e4gl\u00f6st omr\u00e5de p\u00e5 gr\u00e4nsen till Norge i Dalsland, strax nordv\u00e4st om Ed. Topografin \u00e4r speciell med ett stort antal urbergsryggar i nord-sydlig riktning med mellanliggande sprickdalar d\u00e4r bland annat sj\u00f6n Tresticklan ligger. Hela omr\u00e5det p\u00e5minner om en tv\u00e4ttbr\u00e4da. Det \u00e4r l\u00e4tt att g\u00e5 p\u00e5 de slipade bergsryggarna i nord-sydlig riktning men desto st\u00e5vare i \u00f6st-v\u00e4strlig riktning. Omr\u00e5det n\u00e5s l\u00e4ttast fr\u00e5n en parkering \u00f6ster om nationalparken ca 600 meter fr\u00e5n gr\u00e4nsen till parken.<\/p>\n","protected":false},"excerpt":{"rendered":"<p>Tresticklands nationalpark best\u00e5r av ett stort v\u00e4gl\u00f6st omr\u00e5de p\u00e5 gr\u00e4nsen till Norge i Dalsland, strax nordv\u00e4st om Ed. Topografin \u00e4r [&hellip;]<\/p>\n","protected":false},"author":1,"featured_media":7098,"comment_status":"closed","ping_status":"closed","sticky":false,"template":"","format":"standard","meta":{"footnotes":""},"categories":[25],"tags":[],"class_list":["post-7095","post","type-post","status-publish","format-standard","has-post-thumbnail","hentry","category-sveriges-nationalparker"],"_links":{"self":[{"href":"https:\/\/ekid.se\/index.php?rest_route=\/wp\/v2\/posts\/7095","targetHints":{"allow":["GET"]}}],"collection":[{"href":"https:\/\/ekid.se\/index.php?rest_route=\/wp\/v2\/posts"}],"about":[{"href":"https:\/\/ekid.se\/index.php?rest_route=\/wp\/v2\/types\/post"}],"author":[{"embeddable":true,"href":"https:\/\/ekid.se\/index.php?rest_route=\/wp\/v2\/users\/1"}],"replies":[{"embeddable":true,"href":"https:\/\/ekid.se\/index.php?rest_route=%2Fwp%2Fv2%2Fcomments&post=7095"}],"version-history":[{"count":5,"href":"https:\/\/ekid.se\/index.php?rest_route=\/wp\/v2\/posts\/7095\/revisions"}],"predecessor-version":[{"id":7112,"href":"https:\/\/ekid.se\/index.php?rest_route=\/wp\/v2\/posts\/7095\/revisions\/7112"}],"wp:featuredmedia":[{"embeddable":true,"href":"https:\/\/ekid.se\/index.php?rest_route=\/wp\/v2\/media\/7098"}],"wp:attachment":[{"href":"https:\/\/ekid.se\/index.php?rest_route=%2Fwp%2Fv2%2Fmedia&parent=7095"}],"wp:term":[{"taxonomy":"category","embeddable":true,"href":"https:\/\/ekid.se\/index.php?rest_route=%2Fwp%2Fv2%2Fcategories&post=7095"},{"taxonomy":"post_tag","embeddable":true,"href":"https:\/\/ekid.se\/index.php?rest_route=%2Fwp%2Fv2%2Ftags&post=7095"}],"curies":[{"name":"wp","href":"https:\/\/api.w.org\/{rel}","templated":true}]}}