{"id":6615,"date":"2010-05-12T10:14:50","date_gmt":"2010-05-12T08:14:50","guid":{"rendered":"http:\/\/ekid.se\/?p=6615"},"modified":"2024-03-26T09:12:41","modified_gmt":"2024-03-26T07:12:41","slug":"biogradska-gora-nationalpark","status":"publish","type":"post","link":"https:\/\/ekid.se\/?p=6615","title":{"rendered":"115 Biogradska Gora nationalpark"},"content":{"rendered":"<p><a href=\"http:\/\/ekid.se\/?attachment_id=6610\" rel=\"attachment wp-att-6610\"><img loading=\"lazy\" decoding=\"async\" class=\"alignleft size-medium wp-image-6610\" title=\"PB_balkan_20100512_IMGP3071\" src=\"http:\/\/ekid.se\/wp-content\/uploads\/2000\/04\/PB_balkan_20100512_IMGP3071-590x394.jpg\" alt=\"\" width=\"590\" height=\"394\" srcset=\"https:\/\/ekid.se\/wp-content\/uploads\/2000\/04\/PB_balkan_20100512_IMGP3071-590x394.jpg 590w, https:\/\/ekid.se\/wp-content\/uploads\/2000\/04\/PB_balkan_20100512_IMGP3071-261x175.jpg 261w, https:\/\/ekid.se\/wp-content\/uploads\/2000\/04\/PB_balkan_20100512_IMGP3071.jpg 950w\" sizes=\"auto, (max-width: 590px) 100vw, 590px\" \/><\/a><\/p>\n<p>Nationalparken Biogradska Gora ligger i nord\u00f6stra delen av Montenegro och best\u00e5r av ett bergigt landskap kring en dalg\u00e5ng med flera vackra skogsomg\u00e4rdade sj\u00f6ar. Bergstopparna \u00e4r \u00f6ver 2000 meter och h\u00e4r erbjuds fina vandringsm\u00f6jligheter i alpin terr\u00e4ng. Nationalparken \u00e4r l\u00e4ttillg\u00e4nglig med informationscenter i den nedre v\u00e4stra delen intill den st\u00f6rsta sj\u00f6n.<\/p>\n","protected":false},"excerpt":{"rendered":"<p>Nationalparken Biogradska Gora ligger i nord\u00f6stra delen av Montenegro och best\u00e5r av ett bergigt landskap kring en dalg\u00e5ng med flera [&hellip;]<\/p>\n","protected":false},"author":1,"featured_media":29512,"comment_status":"closed","ping_status":"closed","sticky":false,"template":"","format":"standard","meta":{"footnotes":""},"categories":[7],"tags":[],"class_list":["post-6615","post","type-post","status-publish","format-standard","has-post-thumbnail","hentry","category-europas-natur"],"_links":{"self":[{"href":"https:\/\/ekid.se\/index.php?rest_route=\/wp\/v2\/posts\/6615","targetHints":{"allow":["GET"]}}],"collection":[{"href":"https:\/\/ekid.se\/index.php?rest_route=\/wp\/v2\/posts"}],"about":[{"href":"https:\/\/ekid.se\/index.php?rest_route=\/wp\/v2\/types\/post"}],"author":[{"embeddable":true,"href":"https:\/\/ekid.se\/index.php?rest_route=\/wp\/v2\/users\/1"}],"replies":[{"embeddable":true,"href":"https:\/\/ekid.se\/index.php?rest_route=%2Fwp%2Fv2%2Fcomments&post=6615"}],"version-history":[{"count":5,"href":"https:\/\/ekid.se\/index.php?rest_route=\/wp\/v2\/posts\/6615\/revisions"}],"predecessor-version":[{"id":17970,"href":"https:\/\/ekid.se\/index.php?rest_route=\/wp\/v2\/posts\/6615\/revisions\/17970"}],"wp:featuredmedia":[{"embeddable":true,"href":"https:\/\/ekid.se\/index.php?rest_route=\/wp\/v2\/media\/29512"}],"wp:attachment":[{"href":"https:\/\/ekid.se\/index.php?rest_route=%2Fwp%2Fv2%2Fmedia&parent=6615"}],"wp:term":[{"taxonomy":"category","embeddable":true,"href":"https:\/\/ekid.se\/index.php?rest_route=%2Fwp%2Fv2%2Fcategories&post=6615"},{"taxonomy":"post_tag","embeddable":true,"href":"https:\/\/ekid.se\/index.php?rest_route=%2Fwp%2Fv2%2Ftags&post=6615"}],"curies":[{"name":"wp","href":"https:\/\/api.w.org\/{rel}","templated":true}]}}