{"id":6522,"date":"2011-07-17T20:04:23","date_gmt":"2011-07-17T18:04:23","guid":{"rendered":"http:\/\/ekid.se\/?p=6522"},"modified":"2024-02-04T20:27:02","modified_gmt":"2024-02-04T18:27:02","slug":"norrland-2011","status":"publish","type":"post","link":"https:\/\/ekid.se\/?p=6522","title":{"rendered":"Norrland 2011"},"content":{"rendered":"<p>Norrlandsresan sommaren 2011 gick till de nordligaste nationalparkerna i ambitionen att bes\u00f6ka alla landets nationalparker. Planen var att bes\u00f6ka Padjelanta, Vadvetj\u00e5kka och Haparande Sandsk\u00e4r med Stora Sj\u00f6fallet, Sarek och Abisko p\u00e5 k\u00f6pet (tidigare bes\u00f6kta). P\u00e5 grund av \u00e4ndringar i b\u00e5ttider f\u00f6r Sandsk\u00e4r och \u00f6veranstr\u00e4ngning p\u00e5 vandringen i Padjelanta fick jag hoppa \u00f6ver Vadvetj\u00e5kka och spara detta till n\u00e5got annat \u00e5r. P\u00e5 resan blev det \u00e4ven tid att bes\u00f6ka G\u00e4llivare, Kiruna, Haparanda och Lule\u00e5 med gamlestadens kyrkstad.<\/p>\n<p><a rel=\"attachment wp-att-6540\" href=\"http:\/\/ekid.se\/?attachment_id=6540\"><img loading=\"lazy\" decoding=\"async\" class=\"alignleft size-medium wp-image-6540\" title=\"PB_storasjofallet_110708_IMGP7938\" src=\"http:\/\/ekid.se\/wp-content\/uploads\/2011\/07\/PB_storasjofallet_110708_IMGP7938-590x390.jpg\" alt=\"\" width=\"590\" height=\"390\" srcset=\"https:\/\/ekid.se\/wp-content\/uploads\/2011\/07\/PB_storasjofallet_110708_IMGP7938-590x390.jpg 590w, https:\/\/ekid.se\/wp-content\/uploads\/2011\/07\/PB_storasjofallet_110708_IMGP7938-264x175.jpg 264w, https:\/\/ekid.se\/wp-content\/uploads\/2011\/07\/PB_storasjofallet_110708_IMGP7938.jpg 950w\" sizes=\"auto, (max-width: 590px) 100vw, 590px\" \/><\/a><\/p>\n<p><strong>T\u00e5g och bussresa resa till Ritsem<\/strong><\/p>\n<p>Resan startade i Lund fredagen den 8 juli med t\u00e5g till Stockholm och egen sovkup\u00e9 till G\u00e4llivare. Natt\u00e5get blev f\u00f6rsenat och vi var inte i G\u00e4llivare f\u00f6rr\u00e4n vid 12 vilket var tre timmar f\u00f6rsenat. Bussen till Ritsem hade g\u00e5tt men SJ stod beredda med taxi till Ritsem. Taxiresan gick fort och vi var d\u00e4r p\u00e5 tv\u00e5 timmar mot normalt 3,5. Fr\u00e5n taxin s\u00e5g jag bland annat havs\u00f6rn landa p\u00e5 klippa intill v\u00e4gen. I Ritsem blev det v\u00e4ntan till 17:30 d\u00e5 b\u00e5ten \u00f6ver Akkajaure gick. V\u00e4dret var fint och varmt, \u00f6ver 23 grader med dramatiska regnmoln \u00f6ver bergen kring sj\u00f6n som tornade upp sig mot kv\u00e4llen.<\/p>\n<p><a rel=\"attachment wp-att-6538\" href=\"http:\/\/ekid.se\/?attachment_id=6538\"><img loading=\"lazy\" decoding=\"async\" class=\"alignleft size-medium wp-image-6538\" title=\"PB_padjelanta_110710_IMGP8169\" src=\"http:\/\/ekid.se\/wp-content\/uploads\/2011\/07\/PB_padjelanta_110710_IMGP8169-590x390.jpg\" alt=\"\" width=\"590\" height=\"390\" srcset=\"https:\/\/ekid.se\/wp-content\/uploads\/2011\/07\/PB_padjelanta_110710_IMGP8169-590x390.jpg 590w, https:\/\/ekid.se\/wp-content\/uploads\/2011\/07\/PB_padjelanta_110710_IMGP8169-264x175.jpg 264w, https:\/\/ekid.se\/wp-content\/uploads\/2011\/07\/PB_padjelanta_110710_IMGP8169.jpg 950w\" sizes=\"auto, (max-width: 590px) 100vw, 590px\" \/><\/a><\/p>\n<p><strong>Vandring till Padjelanta<\/strong><\/p>\n<p>N\u00e4r b\u00e5ten anl\u00e4nde till bryggan i p\u00e5b\u00f6rjade jag vandringen mot Padjelanta p\u00e5 16 km. En regnskur passerade under de f\u00f6rsta kilometerna och efter fyra kilometer d\u00e5 leden passerar \u00e4lven p\u00e5 en h\u00f6g h\u00e4ngbro klarnade det upp. Det m\u00e4rktes att det var l\u00e4mmel\u00e5r i \u00e5r och p\u00e5 vandringen upp till Padjelanta s\u00e5g jag ett 10-tal l\u00e4mmlar vid stigen. Vid passagen \u00f6ver myrarna p\u00e5 andra halvan av vandringen s\u00e5gs och h\u00f6rdes en hel del f\u00e5gel, bland annat fj\u00e4llabb, myrspov, sm\u00e5spov, gr\u00f6nbena, gul\u00e4rla, l\u00f6vs\u00e5ngare, r\u00f6dvingetrast m.fl. N\u00e4r jag kom till treparksm\u00f6tet mellan Stora Sj\u00f6fallet-Sarek-Padjelanta s\u00e5 klarnade det upp och solen str\u00e5lade vackert p\u00e5 landskapet. Jag slog l\u00e4ger ovanf\u00f6r \u00e4lvbrinken, ett stenkast fr\u00e5n stugan Kisuris, vid 22 tiden. \u00c4gnade n\u00e5gon timma \u00e5t att fotografera innan myggen blev f\u00f6r besv\u00e4rliga. Det bl\u00e5ste knappt alls och var varmt p\u00e5 natten (ca 16 grader). Vid 6 tiden gick jag upp och fotograferade och p\u00e5b\u00f6rjade \u00e5terf\u00e4rden vid 7:20. N\u00e5dde b\u00e5tplatsen 11:00 och var helt slut. De sista kilometrarna hade mygg och knott varit olidliga i bj\u00f6rskogen. Det var varmt, ca 20 grader och vindstilla.<\/p>\n<p><strong><a rel=\"attachment wp-att-6527\" href=\"http:\/\/ekid.se\/?attachment_id=6527\"><img loading=\"lazy\" decoding=\"async\" class=\"alignleft size-medium wp-image-6527\" title=\"PB_abisko_110711_IMGP8424\" src=\"http:\/\/ekid.se\/wp-content\/uploads\/2011\/07\/PB_abisko_110711_IMGP8424-590x390.jpg\" alt=\"\" width=\"590\" height=\"390\" srcset=\"https:\/\/ekid.se\/wp-content\/uploads\/2011\/07\/PB_abisko_110711_IMGP8424-590x390.jpg 590w, https:\/\/ekid.se\/wp-content\/uploads\/2011\/07\/PB_abisko_110711_IMGP8424-264x175.jpg 264w, https:\/\/ekid.se\/wp-content\/uploads\/2011\/07\/PB_abisko_110711_IMGP8424.jpg 950w\" sizes=\"auto, (max-width: 590px) 100vw, 590px\" \/><\/a><\/strong><\/p>\n<p><strong>\u00a0<\/strong><\/p>\n<p><strong>Bes\u00f6k i Abisko nationalpark<\/strong><\/p>\n<p>Det blev b\u00e5tf\u00e4rd \u00e4ver Akkajaure och sedan bussf\u00e4rd med Anders till G\u00e4llivare. D\u00e4r hade jag bokat rum p\u00e5 vandrarhemmet och \u00f6vernattade en natt. N\u00e4sta morgon tog jag t\u00e5get till Abisko men t\u00e5get var \u00e5ter f\u00f6rsenat och vi fick ta buss fr\u00e5n Kiruna till Abisko. P\u00e5 grund av \u00f6veranstr\u00e4ngning st\u00e4llde jag in 24 kilometers vandring p\u00e5 ett dygn till Vadvetj\u00e5kka och tog en natt extra p\u00e5 vandrarhemmet vid Abisko turiststation ist\u00e4llet. S\u00e5 eftermiddagen \u00e4gnades \u00e5t blomsterfotografering p\u00e5 Njullas sluttning. I b\u00f6rjan var det varmt och svag vind men mot kv\u00e4llen blev det mer mulet och svalare. Myggen var inte alls s\u00e5 besv\u00e4rliga som i Stora Sj\u00f6fallet. Blomsterprakten var imponerande men n\u00e5gon fj\u00e4llyxne s\u00e5g jag inte. Tisdagen den 12:e juli tog jag det lugnt\u00a0 kring fj\u00e4llstationen och ravinen. V\u00e4dret var mulet med regnskurar och klarnade upp n\u00e5got mot kv\u00e4llen.<\/p>\n<p><a rel=\"attachment wp-att-6536\" href=\"http:\/\/ekid.se\/?attachment_id=6536\"><img loading=\"lazy\" decoding=\"async\" class=\"alignleft size-medium wp-image-6536\" title=\"PB_haparanda_110714_IMGP8626\" src=\"http:\/\/ekid.se\/wp-content\/uploads\/2011\/07\/PB_haparanda_110714_IMGP8626-590x390.jpg\" alt=\"\" width=\"590\" height=\"390\" srcset=\"https:\/\/ekid.se\/wp-content\/uploads\/2011\/07\/PB_haparanda_110714_IMGP8626-590x390.jpg 590w, https:\/\/ekid.se\/wp-content\/uploads\/2011\/07\/PB_haparanda_110714_IMGP8626-264x175.jpg 264w, https:\/\/ekid.se\/wp-content\/uploads\/2011\/07\/PB_haparanda_110714_IMGP8626.jpg 950w\" sizes=\"auto, (max-width: 590px) 100vw, 590px\" \/><\/a><\/p>\n<p><strong>Haparanda och Haparande Sandsk\u00e4r nationalpark<\/strong><\/p>\n<p>Onsdagen den 13:de juli gjorde jag en kort utflykt i abisko nationalpark p\u00e5 morgonen och tillbringade sedan hela dagen med att transportera mig till Haparanda. Vid 10 gick t\u00e5get till Kiruna och d\u00e4rifr\u00e5n tog jag buss till Haparanda 14:30 som anl\u00e4nde 20:10 i Haparanda. Hade bokat singelrum p\u00e5 vandrarhemmet tre n\u00e4tter. Torsdagen den 14:de juli blev jag h\u00e4mtad vid vandrarhemmet p\u00e5 morgonen och ansl\u00f6t till gruppen p\u00e5 totalt 1 personer som skulle f\u00f6lja med Bosmia III och Staffan Svanberg ut till Sandsk\u00e4r. Det var fint v\u00e4der men bl\u00e5ste en hel del, 6-8 sekundmeter. Vi fick en fantastisk dag med Staffans inspirerande guidning, fint v\u00e4der och storslagen natur i sk\u00e4rg\u00e5rden. B\u00e5tturen ut till Sandsk\u00e4r tar ca 1 timma och v\u00e5gorna gick ganska h\u00f6ga d\u00e5 vi skulle in i hamnen. Sedan gjorde vi en vandring innan lunch genom fiskel\u00e4get upp till kapellet. Efter lunch gjorde vi en l\u00e4ngre vandring l\u00e4ngs kusten norrut upp till V\u00e4stra stadion. D\u00e4rifr\u00e5n vandrade deltagarna upp till Norra reveln d\u00e4r Staffan kom med b\u00e5ten och h\u00e4mtade upp gruppen vid 16. 17:30 var vi \u00e5ter i Haparanda hamn.\u00a0 Fredagen den 15:de juli hade jag vilodag i v\u00e4ntan p\u00e5 hemf\u00e4rd och promenerade i Haparanda och Torne\u00e5 samt l\u00e4ste b\u00f6cker.<\/p>\n<p><a rel=\"attachment wp-att-6475\" href=\"http:\/\/ekid.se\/?attachment_id=6475\"><\/a><\/p>\n<p><strong><a rel=\"attachment wp-att-6597\" href=\"http:\/\/ekid.se\/?attachment_id=6597\"><img loading=\"lazy\" decoding=\"async\" class=\"alignleft size-medium wp-image-6597\" title=\"PB_haparanda_110716_IMGP8922\" src=\"http:\/\/ekid.se\/wp-content\/uploads\/2011\/07\/PB_haparanda_110716_IMGP8922-590x390.jpg\" alt=\"\" width=\"590\" height=\"390\" srcset=\"https:\/\/ekid.se\/wp-content\/uploads\/2011\/07\/PB_haparanda_110716_IMGP8922-590x390.jpg 590w, https:\/\/ekid.se\/wp-content\/uploads\/2011\/07\/PB_haparanda_110716_IMGP8922-264x175.jpg 264w, https:\/\/ekid.se\/wp-content\/uploads\/2011\/07\/PB_haparanda_110716_IMGP8922.jpg 950w\" sizes=\"auto, (max-width: 590px) 100vw, 590px\" \/><\/a>Lule\u00e5 och gamlestadens kyrkstad<\/strong><\/p>\n<p>P\u00e5 morgonen l\u00f6rdagen den 16:de juli tog jag bussen till Lule\u00e5 och sedan stadsbuss ut till kyrkstaden som \u00e4r v\u00e4rldsarv. N\u00e4rmare 300 kyrkstugor ligger t\u00e4tt kring kyrkan och ger en s\u00e4rskild karakt\u00e4r med sina r\u00f6dm\u00e5lade fasader och vitspr\u00f6jsade f\u00f6nster. Ett fint informationscentrum finns intill kyrkan och p\u00e5 friluftsmuseet norr om kyrkstaden var det medeltidsvecka med massor av aktiviteter.<\/p>\n<p><a rel=\"attachment wp-att-6475\" href=\"http:\/\/ekid.se\/?attachment_id=6475\"><\/a><\/p>\n<p><strong>Hemresan<\/strong>16:30 gick jag p\u00e5 natt\u00e5get till Stockholm och jag hoppade p\u00e5. Jag fick dock en chock n\u00e4r kondukt\u00f6ren tittade p\u00e5 min biljett och sa att den g\u00e4ller f\u00f6rst ett dygn senare! Jag hade varit helt inst\u00e4lld p\u00e5 att \u00e5ka hem l\u00f6rdag i flera m\u00e5nader och hade inte tittat p\u00e5 datumet. Som tur var var kondukt\u00f6ren mycket hj\u00e4lpsam och kunde ordna en egen kup\u00e9 \u00e4nd\u00e5 som tur var. I stockholm blev jag dock sittande i fyra timmar innan jag kunde ta t\u00e5get 10:21 till Lund dit jag anl\u00e4nde 14:30.<\/p>\n<p><a rel=\"attachment wp-att-6475\" href=\"http:\/\/ekid.se\/?attachment_id=6475\"><\/a><\/p>\n<p><a rel=\"attachment wp-att-6475\" href=\"http:\/\/ekid.se\/?attachment_id=6475\"><\/a><\/p>\n<p><a rel=\"attachment wp-att-6475\" href=\"http:\/\/ekid.se\/?attachment_id=6475\"><\/a><\/p>\n","protected":false},"excerpt":{"rendered":"<p>Norrlandsresan sommaren 2011 gick till de nordligaste nationalparkerna i ambitionen att bes\u00f6ka alla landets nationalparker. Planen var att bes\u00f6ka Padjelanta, [&hellip;]<\/p>\n","protected":false},"author":1,"featured_media":6526,"comment_status":"closed","ping_status":"closed","sticky":false,"template":"","format":"standard","meta":{"footnotes":""},"categories":[5],"tags":[],"class_list":["post-6522","post","type-post","status-publish","format-standard","has-post-thumbnail","hentry","category-resor"],"_links":{"self":[{"href":"https:\/\/ekid.se\/index.php?rest_route=\/wp\/v2\/posts\/6522","targetHints":{"allow":["GET"]}}],"collection":[{"href":"https:\/\/ekid.se\/index.php?rest_route=\/wp\/v2\/posts"}],"about":[{"href":"https:\/\/ekid.se\/index.php?rest_route=\/wp\/v2\/types\/post"}],"author":[{"embeddable":true,"href":"https:\/\/ekid.se\/index.php?rest_route=\/wp\/v2\/users\/1"}],"replies":[{"embeddable":true,"href":"https:\/\/ekid.se\/index.php?rest_route=%2Fwp%2Fv2%2Fcomments&post=6522"}],"version-history":[{"count":9,"href":"https:\/\/ekid.se\/index.php?rest_route=\/wp\/v2\/posts\/6522\/revisions"}],"predecessor-version":[{"id":6600,"href":"https:\/\/ekid.se\/index.php?rest_route=\/wp\/v2\/posts\/6522\/revisions\/6600"}],"wp:featuredmedia":[{"embeddable":true,"href":"https:\/\/ekid.se\/index.php?rest_route=\/wp\/v2\/media\/6526"}],"wp:attachment":[{"href":"https:\/\/ekid.se\/index.php?rest_route=%2Fwp%2Fv2%2Fmedia&parent=6522"}],"wp:term":[{"taxonomy":"category","embeddable":true,"href":"https:\/\/ekid.se\/index.php?rest_route=%2Fwp%2Fv2%2Fcategories&post=6522"},{"taxonomy":"post_tag","embeddable":true,"href":"https:\/\/ekid.se\/index.php?rest_route=%2Fwp%2Fv2%2Ftags&post=6522"}],"curies":[{"name":"wp","href":"https:\/\/api.w.org\/{rel}","templated":true}]}}