{"id":6122,"date":"2011-06-03T21:38:14","date_gmt":"2011-06-03T19:38:14","guid":{"rendered":"http:\/\/ekid.se\/?p=6122"},"modified":"2024-02-04T21:07:09","modified_gmt":"2024-02-04T19:07:09","slug":"gunnebo-slott-och-tradgard","status":"publish","type":"post","link":"https:\/\/ekid.se\/?p=6122","title":{"rendered":"Gunnebo slott och tr\u00e4dg\u00e5rd"},"content":{"rendered":"<p><a rel=\"attachment wp-att-6127\" href=\"http:\/\/ekid.se\/?attachment_id=6127\"><img loading=\"lazy\" decoding=\"async\" class=\"alignleft size-medium wp-image-6127\" title=\"PB_gunnebo_110603_IMGP5488\" src=\"http:\/\/ekid.se\/wp-content\/uploads\/2011\/06\/PB_gunnebo_110603_IMGP5488-590x390.jpg\" alt=\"\" width=\"590\" height=\"390\" srcset=\"https:\/\/ekid.se\/wp-content\/uploads\/2011\/06\/PB_gunnebo_110603_IMGP5488-590x390.jpg 590w, https:\/\/ekid.se\/wp-content\/uploads\/2011\/06\/PB_gunnebo_110603_IMGP5488-264x175.jpg 264w, https:\/\/ekid.se\/wp-content\/uploads\/2011\/06\/PB_gunnebo_110603_IMGP5488.jpg 950w\" sizes=\"auto, (max-width: 590px) 100vw, 590px\" \/><\/a><\/p>\n<p><a rel=\"attachment wp-att-6126\" href=\"http:\/\/ekid.se\/?attachment_id=6126\"><img loading=\"lazy\" decoding=\"async\" class=\"alignleft size-medium wp-image-6126\" title=\"PB_gunnebo_110603_IMGP5481\" src=\"http:\/\/ekid.se\/wp-content\/uploads\/2011\/06\/PB_gunnebo_110603_IMGP5481-590x390.jpg\" alt=\"\" width=\"590\" height=\"390\" srcset=\"https:\/\/ekid.se\/wp-content\/uploads\/2011\/06\/PB_gunnebo_110603_IMGP5481-590x390.jpg 590w, https:\/\/ekid.se\/wp-content\/uploads\/2011\/06\/PB_gunnebo_110603_IMGP5481-264x175.jpg 264w, https:\/\/ekid.se\/wp-content\/uploads\/2011\/06\/PB_gunnebo_110603_IMGP5481.jpg 950w\" sizes=\"auto, (max-width: 590px) 100vw, 590px\" \/><\/a><\/p>\n<p>Gunnebo slott och tr\u00e4dg\u00e5rdar \u00e4r en av landets finaste 1700-talsanl\u00e4ggningar och ligger utanf\u00f6r M\u00f6lndal \u00f6ster om G\u00f6teborg. Tr\u00e4dg\u00e5rden har restaurerats och flera \u00e4ldre byggnader har \u00e5teruppbyggts. Parkanl\u00e4ggningen omges av vackra hagmarker, skogar och sj\u00f6ar och \u00e4r tillsammans skyddat som kulturreservat.<a rel=\"attachment wp-att-6125\" href=\"http:\/\/ekid.se\/?attachment_id=6125\"><img loading=\"lazy\" decoding=\"async\" class=\"alignleft size-medium wp-image-6125\" title=\"PB_gunnebo_110603_IMGP5473\" src=\"http:\/\/ekid.se\/wp-content\/uploads\/2011\/06\/PB_gunnebo_110603_IMGP5473-590x390.jpg\" alt=\"\" width=\"590\" height=\"390\" srcset=\"https:\/\/ekid.se\/wp-content\/uploads\/2011\/06\/PB_gunnebo_110603_IMGP5473-590x390.jpg 590w, https:\/\/ekid.se\/wp-content\/uploads\/2011\/06\/PB_gunnebo_110603_IMGP5473-264x175.jpg 264w, https:\/\/ekid.se\/wp-content\/uploads\/2011\/06\/PB_gunnebo_110603_IMGP5473.jpg 950w\" sizes=\"auto, (max-width: 590px) 100vw, 590px\" \/><\/a><\/p>\n<p><a rel=\"attachment wp-att-6124\" href=\"http:\/\/ekid.se\/?attachment_id=6124\"><img loading=\"lazy\" decoding=\"async\" class=\"alignleft size-medium wp-image-6124\" title=\"PB_gunnebo_110603_IMGP5470\" src=\"http:\/\/ekid.se\/wp-content\/uploads\/2011\/06\/PB_gunnebo_110603_IMGP5470-590x390.jpg\" alt=\"\" width=\"590\" height=\"390\" srcset=\"https:\/\/ekid.se\/wp-content\/uploads\/2011\/06\/PB_gunnebo_110603_IMGP5470-590x390.jpg 590w, https:\/\/ekid.se\/wp-content\/uploads\/2011\/06\/PB_gunnebo_110603_IMGP5470-264x175.jpg 264w, https:\/\/ekid.se\/wp-content\/uploads\/2011\/06\/PB_gunnebo_110603_IMGP5470.jpg 950w\" sizes=\"auto, (max-width: 590px) 100vw, 590px\" \/><\/a><\/p>\n<p><a rel=\"attachment wp-att-6123\" href=\"http:\/\/ekid.se\/?attachment_id=6123\"><img loading=\"lazy\" decoding=\"async\" class=\"alignleft size-medium wp-image-6123\" title=\"PB_gunnebo_110603_IMGP5469\" src=\"http:\/\/ekid.se\/wp-content\/uploads\/2011\/06\/PB_gunnebo_110603_IMGP5469-590x390.jpg\" alt=\"\" width=\"590\" height=\"390\" srcset=\"https:\/\/ekid.se\/wp-content\/uploads\/2011\/06\/PB_gunnebo_110603_IMGP5469-590x390.jpg 590w, https:\/\/ekid.se\/wp-content\/uploads\/2011\/06\/PB_gunnebo_110603_IMGP5469-264x175.jpg 264w, https:\/\/ekid.se\/wp-content\/uploads\/2011\/06\/PB_gunnebo_110603_IMGP5469.jpg 950w\" sizes=\"auto, (max-width: 590px) 100vw, 590px\" \/><\/a><\/p>\n","protected":false},"excerpt":{"rendered":"<p>Gunnebo slott och tr\u00e4dg\u00e5rdar \u00e4r en av landets finaste 1700-talsanl\u00e4ggningar och ligger utanf\u00f6r M\u00f6lndal \u00f6ster om G\u00f6teborg. Tr\u00e4dg\u00e5rden har restaurerats [&hellip;]<\/p>\n","protected":false},"author":1,"featured_media":6126,"comment_status":"closed","ping_status":"closed","sticky":false,"template":"","format":"standard","meta":{"footnotes":""},"categories":[32],"tags":[],"class_list":["post-6122","post","type-post","status-publish","format-standard","has-post-thumbnail","hentry","category-tradgard"],"_links":{"self":[{"href":"https:\/\/ekid.se\/index.php?rest_route=\/wp\/v2\/posts\/6122","targetHints":{"allow":["GET"]}}],"collection":[{"href":"https:\/\/ekid.se\/index.php?rest_route=\/wp\/v2\/posts"}],"about":[{"href":"https:\/\/ekid.se\/index.php?rest_route=\/wp\/v2\/types\/post"}],"author":[{"embeddable":true,"href":"https:\/\/ekid.se\/index.php?rest_route=\/wp\/v2\/users\/1"}],"replies":[{"embeddable":true,"href":"https:\/\/ekid.se\/index.php?rest_route=%2Fwp%2Fv2%2Fcomments&post=6122"}],"version-history":[{"count":7,"href":"https:\/\/ekid.se\/index.php?rest_route=\/wp\/v2\/posts\/6122\/revisions"}],"predecessor-version":[{"id":6585,"href":"https:\/\/ekid.se\/index.php?rest_route=\/wp\/v2\/posts\/6122\/revisions\/6585"}],"wp:featuredmedia":[{"embeddable":true,"href":"https:\/\/ekid.se\/index.php?rest_route=\/wp\/v2\/media\/6126"}],"wp:attachment":[{"href":"https:\/\/ekid.se\/index.php?rest_route=%2Fwp%2Fv2%2Fmedia&parent=6122"}],"wp:term":[{"taxonomy":"category","embeddable":true,"href":"https:\/\/ekid.se\/index.php?rest_route=%2Fwp%2Fv2%2Fcategories&post=6122"},{"taxonomy":"post_tag","embeddable":true,"href":"https:\/\/ekid.se\/index.php?rest_route=%2Fwp%2Fv2%2Ftags&post=6122"}],"curies":[{"name":"wp","href":"https:\/\/api.w.org\/{rel}","templated":true}]}}