{"id":6090,"date":"2011-06-02T21:28:39","date_gmt":"2011-06-02T19:28:39","guid":{"rendered":"http:\/\/ekid.se\/?p=6090"},"modified":"2024-02-04T21:07:42","modified_gmt":"2024-02-04T19:07:42","slug":"tradgardsforeningen-i-goteborg","status":"publish","type":"post","link":"https:\/\/ekid.se\/?p=6090","title":{"rendered":"Tr\u00e4dg\u00e5rdsf\u00f6reningen i G\u00f6teborg"},"content":{"rendered":"<p><a rel=\"attachment wp-att-6093\" href=\"http:\/\/ekid.se\/?attachment_id=6093\"><img loading=\"lazy\" decoding=\"async\" class=\"alignleft size-medium wp-image-6093\" title=\"PB_tradgardsforeningen_110602_P1030055\" src=\"http:\/\/ekid.se\/wp-content\/uploads\/2011\/06\/PB_tradgardsforeningen_110602_P1030055-590x442.jpg\" alt=\"\" width=\"590\" height=\"442\" srcset=\"https:\/\/ekid.se\/wp-content\/uploads\/2011\/06\/PB_tradgardsforeningen_110602_P1030055-590x442.jpg 590w, https:\/\/ekid.se\/wp-content\/uploads\/2011\/06\/PB_tradgardsforeningen_110602_P1030055-233x175.jpg 233w, https:\/\/ekid.se\/wp-content\/uploads\/2011\/06\/PB_tradgardsforeningen_110602_P1030055.jpg 950w\" sizes=\"auto, (max-width: 590px) 100vw, 590px\" \/><\/a><\/p>\n<p><a rel=\"attachment wp-att-6094\" href=\"http:\/\/ekid.se\/?attachment_id=6094\"><img loading=\"lazy\" decoding=\"async\" class=\"alignleft size-medium wp-image-6094\" title=\"PB_tradgardsforeningen_110602_P1030066\" src=\"http:\/\/ekid.se\/wp-content\/uploads\/2011\/06\/PB_tradgardsforeningen_110602_P1030066-590x442.jpg\" alt=\"\" width=\"590\" height=\"442\" srcset=\"https:\/\/ekid.se\/wp-content\/uploads\/2011\/06\/PB_tradgardsforeningen_110602_P1030066-590x442.jpg 590w, https:\/\/ekid.se\/wp-content\/uploads\/2011\/06\/PB_tradgardsforeningen_110602_P1030066-233x175.jpg 233w, https:\/\/ekid.se\/wp-content\/uploads\/2011\/06\/PB_tradgardsforeningen_110602_P1030066.jpg 950w\" sizes=\"auto, (max-width: 590px) 100vw, 590px\" \/><\/a><\/p>\n<p>Tr\u00e4dg\u00e5rdsf\u00f6reningen i G\u00f6teborg \u00e4r en vacker park fr\u00e5n mitten av 1800-talet som genomg\u00e5tt renovering och f\u00f6rnyelse i b\u00f6rjan av 2000-talet. Anl\u00e4ggningen ligger p\u00e5 de gamla bef\u00e4stningsvallarna utanf\u00f6r den gamla stadens vallgravar. I parken finns bland annat m\u00e5nga byggnader med palmhuset som det dominerande. I f\u00f6rnyelsen ingick bland annat woodlands och Ulf Nordfjells anl\u00e4ggning \u00f6ster om Palmhuset.<\/p>\n<p>\u00a0\u00a0\u00a0 <a rel=\"attachment wp-att-6095\" href=\"http:\/\/ekid.se\/?attachment_id=6095\"><img loading=\"lazy\" decoding=\"async\" class=\"alignleft size-medium wp-image-6095\" title=\"PB_tradgardsforeningen_110602_P1030073\" src=\"http:\/\/ekid.se\/wp-content\/uploads\/2011\/06\/PB_tradgardsforeningen_110602_P1030073-590x442.jpg\" alt=\"\" width=\"590\" height=\"442\" srcset=\"https:\/\/ekid.se\/wp-content\/uploads\/2011\/06\/PB_tradgardsforeningen_110602_P1030073-590x442.jpg 590w, https:\/\/ekid.se\/wp-content\/uploads\/2011\/06\/PB_tradgardsforeningen_110602_P1030073-233x175.jpg 233w, https:\/\/ekid.se\/wp-content\/uploads\/2011\/06\/PB_tradgardsforeningen_110602_P1030073.jpg 950w\" sizes=\"auto, (max-width: 590px) 100vw, 590px\" \/><\/a><\/p>\n<p><a rel=\"attachment wp-att-6092\" href=\"http:\/\/ekid.se\/?attachment_id=6092\"><img loading=\"lazy\" decoding=\"async\" class=\"alignleft size-medium wp-image-6092\" title=\"PB_tradgardsforeningen_110602_P1030050\" src=\"http:\/\/ekid.se\/wp-content\/uploads\/2011\/06\/PB_tradgardsforeningen_110602_P1030050-590x442.jpg\" alt=\"\" width=\"590\" height=\"442\" srcset=\"https:\/\/ekid.se\/wp-content\/uploads\/2011\/06\/PB_tradgardsforeningen_110602_P1030050-590x442.jpg 590w, https:\/\/ekid.se\/wp-content\/uploads\/2011\/06\/PB_tradgardsforeningen_110602_P1030050-233x175.jpg 233w, https:\/\/ekid.se\/wp-content\/uploads\/2011\/06\/PB_tradgardsforeningen_110602_P1030050.jpg 950w\" sizes=\"auto, (max-width: 590px) 100vw, 590px\" \/><\/a><\/p>\n<p><a rel=\"attachment wp-att-6091\" href=\"http:\/\/ekid.se\/?attachment_id=6091\"><img loading=\"lazy\" decoding=\"async\" class=\"alignleft size-medium wp-image-6091\" title=\"PB_tradgardsforeningen_110602_P1030045\" src=\"http:\/\/ekid.se\/wp-content\/uploads\/2011\/06\/PB_tradgardsforeningen_110602_P1030045-590x442.jpg\" alt=\"\" width=\"590\" height=\"442\" srcset=\"https:\/\/ekid.se\/wp-content\/uploads\/2011\/06\/PB_tradgardsforeningen_110602_P1030045-590x442.jpg 590w, https:\/\/ekid.se\/wp-content\/uploads\/2011\/06\/PB_tradgardsforeningen_110602_P1030045-233x175.jpg 233w, https:\/\/ekid.se\/wp-content\/uploads\/2011\/06\/PB_tradgardsforeningen_110602_P1030045.jpg 950w\" sizes=\"auto, (max-width: 590px) 100vw, 590px\" \/><\/a><\/p>\n","protected":false},"excerpt":{"rendered":"<p>Tr\u00e4dg\u00e5rdsf\u00f6reningen i G\u00f6teborg \u00e4r en vacker park fr\u00e5n mitten av 1800-talet som genomg\u00e5tt renovering och f\u00f6rnyelse i b\u00f6rjan av 2000-talet. [&hellip;]<\/p>\n","protected":false},"author":1,"featured_media":6094,"comment_status":"closed","ping_status":"closed","sticky":false,"template":"","format":"standard","meta":{"footnotes":""},"categories":[32],"tags":[],"class_list":["post-6090","post","type-post","status-publish","format-standard","has-post-thumbnail","hentry","category-tradgard"],"_links":{"self":[{"href":"https:\/\/ekid.se\/index.php?rest_route=\/wp\/v2\/posts\/6090","targetHints":{"allow":["GET"]}}],"collection":[{"href":"https:\/\/ekid.se\/index.php?rest_route=\/wp\/v2\/posts"}],"about":[{"href":"https:\/\/ekid.se\/index.php?rest_route=\/wp\/v2\/types\/post"}],"author":[{"embeddable":true,"href":"https:\/\/ekid.se\/index.php?rest_route=\/wp\/v2\/users\/1"}],"replies":[{"embeddable":true,"href":"https:\/\/ekid.se\/index.php?rest_route=%2Fwp%2Fv2%2Fcomments&post=6090"}],"version-history":[{"count":7,"href":"https:\/\/ekid.se\/index.php?rest_route=\/wp\/v2\/posts\/6090\/revisions"}],"predecessor-version":[{"id":6580,"href":"https:\/\/ekid.se\/index.php?rest_route=\/wp\/v2\/posts\/6090\/revisions\/6580"}],"wp:featuredmedia":[{"embeddable":true,"href":"https:\/\/ekid.se\/index.php?rest_route=\/wp\/v2\/media\/6094"}],"wp:attachment":[{"href":"https:\/\/ekid.se\/index.php?rest_route=%2Fwp%2Fv2%2Fmedia&parent=6090"}],"wp:term":[{"taxonomy":"category","embeddable":true,"href":"https:\/\/ekid.se\/index.php?rest_route=%2Fwp%2Fv2%2Fcategories&post=6090"},{"taxonomy":"post_tag","embeddable":true,"href":"https:\/\/ekid.se\/index.php?rest_route=%2Fwp%2Fv2%2Ftags&post=6090"}],"curies":[{"name":"wp","href":"https:\/\/api.w.org\/{rel}","templated":true}]}}