{"id":587,"date":"1997-11-04T19:48:30","date_gmt":"1997-11-04T17:48:30","guid":{"rendered":"http:\/\/ekid.se\/?p=587"},"modified":"2024-03-24T23:12:16","modified_gmt":"2024-03-24T21:12:16","slug":"naturvardsprogram-for-svedala-kommun","status":"publish","type":"post","link":"https:\/\/ekid.se\/?p=587","title":{"rendered":"Naturv\u00e5rdsprogram f\u00f6r Svedala kommun"},"content":{"rendered":"<figure id=\"attachment_713\" aria-describedby=\"caption-attachment-713\" style=\"width: 590px\" class=\"wp-caption alignleft\"><a rel=\"attachment wp-att-713\" href=\"http:\/\/ekid.se\/?attachment_id=713\"><img loading=\"lazy\" decoding=\"async\" class=\"size-medium wp-image-713\" title=\"PB_lund_20101103_P1010370\" src=\"http:\/\/ekid.se\/wp-content\/uploads\/PB_lund_20101103_P1010370-590x442.jpg\" alt=\"\" width=\"590\" height=\"442\" srcset=\"https:\/\/ekid.se\/wp-content\/uploads\/PB_lund_20101103_P1010370-590x442.jpg 590w, https:\/\/ekid.se\/wp-content\/uploads\/PB_lund_20101103_P1010370-950x712.jpg 950w, https:\/\/ekid.se\/wp-content\/uploads\/PB_lund_20101103_P1010370-233x175.jpg 233w, https:\/\/ekid.se\/wp-content\/uploads\/PB_lund_20101103_P1010370.jpg 1900w\" sizes=\"auto, (max-width: 590px) 100vw, 590px\" \/><\/a><figcaption id=\"caption-attachment-713\" class=\"wp-caption-text\">Naturen i Svedala kommun<\/figcaption><\/figure>\n<p>1997 fick jag m\u00f6jlighet att revidera naturv\u00e5rdsprogrammet f\u00f6r Svedala kommun som jag tog fram 1988. Programmet antogs 1999 och publicerades samma \u00e5r.<\/p>\n","protected":false},"excerpt":{"rendered":"<p>1997 fick jag m\u00f6jlighet att revidera naturv\u00e5rdsprogrammet f\u00f6r Svedala kommun som jag tog fram 1988. Programmet antogs 1999 och publicerades [&hellip;]<\/p>\n","protected":false},"author":1,"featured_media":29233,"comment_status":"closed","ping_status":"open","sticky":false,"template":"","format":"standard","meta":{"footnotes":""},"categories":[19],"tags":[],"class_list":["post-587","post","type-post","status-publish","format-standard","has-post-thumbnail","hentry","category-naturvard"],"_links":{"self":[{"href":"https:\/\/ekid.se\/index.php?rest_route=\/wp\/v2\/posts\/587","targetHints":{"allow":["GET"]}}],"collection":[{"href":"https:\/\/ekid.se\/index.php?rest_route=\/wp\/v2\/posts"}],"about":[{"href":"https:\/\/ekid.se\/index.php?rest_route=\/wp\/v2\/types\/post"}],"author":[{"embeddable":true,"href":"https:\/\/ekid.se\/index.php?rest_route=\/wp\/v2\/users\/1"}],"replies":[{"embeddable":true,"href":"https:\/\/ekid.se\/index.php?rest_route=%2Fwp%2Fv2%2Fcomments&post=587"}],"version-history":[{"count":5,"href":"https:\/\/ekid.se\/index.php?rest_route=\/wp\/v2\/posts\/587\/revisions"}],"predecessor-version":[{"id":715,"href":"https:\/\/ekid.se\/index.php?rest_route=\/wp\/v2\/posts\/587\/revisions\/715"}],"wp:featuredmedia":[{"embeddable":true,"href":"https:\/\/ekid.se\/index.php?rest_route=\/wp\/v2\/media\/29233"}],"wp:attachment":[{"href":"https:\/\/ekid.se\/index.php?rest_route=%2Fwp%2Fv2%2Fmedia&parent=587"}],"wp:term":[{"taxonomy":"category","embeddable":true,"href":"https:\/\/ekid.se\/index.php?rest_route=%2Fwp%2Fv2%2Fcategories&post=587"},{"taxonomy":"post_tag","embeddable":true,"href":"https:\/\/ekid.se\/index.php?rest_route=%2Fwp%2Fv2%2Ftags&post=587"}],"curies":[{"name":"wp","href":"https:\/\/api.w.org\/{rel}","templated":true}]}}