{"id":571,"date":"1988-11-04T19:39:20","date_gmt":"1988-11-04T17:39:20","guid":{"rendered":"http:\/\/ekid.se\/?p=571"},"modified":"2010-11-04T19:39:36","modified_gmt":"2010-11-04T17:39:36","slug":"natur-i-svedala-kommun","status":"publish","type":"post","link":"https:\/\/ekid.se\/?p=571","title":{"rendered":"Natur i Svedala kommun"},"content":{"rendered":"<figure id=\"attachment_339\" aria-describedby=\"caption-attachment-339\" style=\"width: 590px\" class=\"wp-caption alignleft\"><a rel=\"attachment wp-att-339\" href=\"http:\/\/ekid.se\/?attachment_id=339\"><img loading=\"lazy\" decoding=\"async\" class=\"size-medium wp-image-339\" title=\"PB_lund_20101103_P1010369\" src=\"http:\/\/ekid.se\/wp-content\/uploads\/PB_lund_20101103_P1010369-590x442.jpg\" alt=\"\" width=\"590\" height=\"442\" srcset=\"https:\/\/ekid.se\/wp-content\/uploads\/PB_lund_20101103_P1010369-590x442.jpg 590w, https:\/\/ekid.se\/wp-content\/uploads\/PB_lund_20101103_P1010369-950x712.jpg 950w, https:\/\/ekid.se\/wp-content\/uploads\/PB_lund_20101103_P1010369-233x175.jpg 233w, https:\/\/ekid.se\/wp-content\/uploads\/PB_lund_20101103_P1010369.jpg 1900w\" sizes=\"auto, (max-width: 590px) 100vw, 590px\" \/><\/a><figcaption id=\"caption-attachment-339\" class=\"wp-caption-text\">Naturen i Svedala kommun<\/figcaption><\/figure>\n<p>1988 gjorde jag Svedala kommuns naturv\u00e5rdsprogram som visade sig bli Sk\u00e5nes f\u00f6rsta antagna kommunala\u00a0naturv\u00e5rdsprogram 1990 (Lund var n\u00e5gra m\u00e5nader senare). Programmet bestod av tre delar d\u00e4r en var allm\u00e4n beskrivning av kommunens natur, en var beskrivning av s\u00e4rskilt skyddsv\u00e4rda omr\u00e5den i tre klasser och den tredje var f\u00f6rslag till \u00e5tg\u00e4rder f\u00f6r naturv\u00e5rdsarbetet.<\/p>\n","protected":false},"excerpt":{"rendered":"<p>1988 gjorde jag Svedala kommuns naturv\u00e5rdsprogram som visade sig bli Sk\u00e5nes f\u00f6rsta antagna kommunala\u00a0naturv\u00e5rdsprogram 1990 (Lund var n\u00e5gra m\u00e5nader senare). [&hellip;]<\/p>\n","protected":false},"author":1,"featured_media":0,"comment_status":"closed","ping_status":"open","sticky":false,"template":"","format":"standard","meta":{"footnotes":""},"categories":[19],"tags":[],"class_list":["post-571","post","type-post","status-publish","format-standard","hentry","category-naturvard"],"_links":{"self":[{"href":"https:\/\/ekid.se\/index.php?rest_route=\/wp\/v2\/posts\/571","targetHints":{"allow":["GET"]}}],"collection":[{"href":"https:\/\/ekid.se\/index.php?rest_route=\/wp\/v2\/posts"}],"about":[{"href":"https:\/\/ekid.se\/index.php?rest_route=\/wp\/v2\/types\/post"}],"author":[{"embeddable":true,"href":"https:\/\/ekid.se\/index.php?rest_route=\/wp\/v2\/users\/1"}],"replies":[{"embeddable":true,"href":"https:\/\/ekid.se\/index.php?rest_route=%2Fwp%2Fv2%2Fcomments&post=571"}],"version-history":[{"count":4,"href":"https:\/\/ekid.se\/index.php?rest_route=\/wp\/v2\/posts\/571\/revisions"}],"predecessor-version":[{"id":575,"href":"https:\/\/ekid.se\/index.php?rest_route=\/wp\/v2\/posts\/571\/revisions\/575"}],"wp:attachment":[{"href":"https:\/\/ekid.se\/index.php?rest_route=%2Fwp%2Fv2%2Fmedia&parent=571"}],"wp:term":[{"taxonomy":"category","embeddable":true,"href":"https:\/\/ekid.se\/index.php?rest_route=%2Fwp%2Fv2%2Fcategories&post=571"},{"taxonomy":"post_tag","embeddable":true,"href":"https:\/\/ekid.se\/index.php?rest_route=%2Fwp%2Fv2%2Ftags&post=571"}],"curies":[{"name":"wp","href":"https:\/\/api.w.org\/{rel}","templated":true}]}}