{"id":547,"date":"1998-11-04T13:56:17","date_gmt":"1998-11-04T11:56:17","guid":{"rendered":"http:\/\/ekid.se\/?p=547"},"modified":"2024-03-24T23:13:55","modified_gmt":"2024-03-24T21:13:55","slug":"att-upptacka-naturen","status":"publish","type":"post","link":"https:\/\/ekid.se\/?p=547","title":{"rendered":"Att uppt\u00e4cka naturen"},"content":{"rendered":"<figure id=\"attachment_295\" aria-describedby=\"caption-attachment-295\" style=\"width: 590px\" class=\"wp-caption alignleft\"><a rel=\"attachment wp-att-295\" href=\"http:\/\/ekid.se\/?attachment_id=295\"><img loading=\"lazy\" decoding=\"async\" class=\"size-medium wp-image-295\" title=\"PB_bocker_20101102_P1010351\" src=\"http:\/\/ekid.se\/wp-content\/uploads\/PB_bocker_20101102_P1010351-590x442.jpg\" alt=\"\" width=\"590\" height=\"442\" srcset=\"https:\/\/ekid.se\/wp-content\/uploads\/PB_bocker_20101102_P1010351-590x442.jpg 590w, https:\/\/ekid.se\/wp-content\/uploads\/PB_bocker_20101102_P1010351-950x712.jpg 950w, https:\/\/ekid.se\/wp-content\/uploads\/PB_bocker_20101102_P1010351-233x175.jpg 233w, https:\/\/ekid.se\/wp-content\/uploads\/PB_bocker_20101102_P1010351.jpg 1900w\" sizes=\"auto, (max-width: 590px) 100vw, 590px\" \/><\/a><figcaption id=\"caption-attachment-295\" class=\"wp-caption-text\">Att uppt\u00e4cka naturen<\/figcaption><\/figure>\n<p>1998 medverkade jag i boken \u201dAtt uppt\u00e4cka naturen\u201d som ber\u00e4ttar hur man kan unders\u00f6ka och iaktta naturen. Redakt\u00f6r var Tomas Ranius och illustrat\u00f6r Mats Adelman.<\/p>\n","protected":false},"excerpt":{"rendered":"<p>1998 medverkade jag i boken \u201dAtt uppt\u00e4cka naturen\u201d som ber\u00e4ttar hur man kan unders\u00f6ka och iaktta naturen. Redakt\u00f6r var Tomas [&hellip;]<\/p>\n","protected":false},"author":1,"featured_media":29236,"comment_status":"closed","ping_status":"open","sticky":false,"template":"","format":"standard","meta":{"footnotes":""},"categories":[9],"tags":[],"class_list":["post-547","post","type-post","status-publish","format-standard","has-post-thumbnail","hentry","category-bocker"],"_links":{"self":[{"href":"https:\/\/ekid.se\/index.php?rest_route=\/wp\/v2\/posts\/547","targetHints":{"allow":["GET"]}}],"collection":[{"href":"https:\/\/ekid.se\/index.php?rest_route=\/wp\/v2\/posts"}],"about":[{"href":"https:\/\/ekid.se\/index.php?rest_route=\/wp\/v2\/types\/post"}],"author":[{"embeddable":true,"href":"https:\/\/ekid.se\/index.php?rest_route=\/wp\/v2\/users\/1"}],"replies":[{"embeddable":true,"href":"https:\/\/ekid.se\/index.php?rest_route=%2Fwp%2Fv2%2Fcomments&post=547"}],"version-history":[{"count":4,"href":"https:\/\/ekid.se\/index.php?rest_route=\/wp\/v2\/posts\/547\/revisions"}],"predecessor-version":[{"id":551,"href":"https:\/\/ekid.se\/index.php?rest_route=\/wp\/v2\/posts\/547\/revisions\/551"}],"wp:featuredmedia":[{"embeddable":true,"href":"https:\/\/ekid.se\/index.php?rest_route=\/wp\/v2\/media\/29236"}],"wp:attachment":[{"href":"https:\/\/ekid.se\/index.php?rest_route=%2Fwp%2Fv2%2Fmedia&parent=547"}],"wp:term":[{"taxonomy":"category","embeddable":true,"href":"https:\/\/ekid.se\/index.php?rest_route=%2Fwp%2Fv2%2Fcategories&post=547"},{"taxonomy":"post_tag","embeddable":true,"href":"https:\/\/ekid.se\/index.php?rest_route=%2Fwp%2Fv2%2Ftags&post=547"}],"curies":[{"name":"wp","href":"https:\/\/api.w.org\/{rel}","templated":true}]}}