{"id":32840,"date":"2026-08-31T18:53:04","date_gmt":"2026-08-31T16:53:04","guid":{"rendered":"https:\/\/ekid.se\/?p=32840"},"modified":"2026-09-02T19:00:09","modified_gmt":"2026-09-02T17:00:09","slug":"varnamo-storgatsbacken","status":"publish","type":"post","link":"https:\/\/ekid.se\/?p=32840","title":{"rendered":"V\u00e4rnamo Storgatsbacken"},"content":{"rendered":"\n<p class=\"wp-block-paragraph\">Mitt p\u00e5 huvudgatan som binder samman centrala V\u00e4rnamo mellan stationen och g\u00e4stgivarg\u00e5rden ligger Storgatsbacken som ett torg kring v\u00e4gkorsningen. Storgatan \u00e4r g\u00e5gata och handelsgata och korsas av K\u00f6pmansgatan. Torget \u00e4r kringbyggt med aktiva bottenv\u00e5ningar d\u00e4r det bland annat finns systembolag, hotell, flera restauranger och en tynande galleria. Torget \u00e4r uppdelat i tv\u00e5 niv\u00e5er med en tr\u00e4drad emellan. Det \u00e4r l\u00e4tt att n\u00e5 torget och bussh\u00e5llplatser finns i n\u00e4rheten. Det finns f\u00f6rh\u00e5llandevis mycket att g\u00f6ra vid torget och den \u00e4r inbjudande \u00e4ven om antalet sittplatser \u00e4r begr\u00e4nsade. Arkitekturen \u00e4r varierad med n\u00e5gra \u00e4ldre hus. Storleken \u00e4r lagom p\u00e5 torget men den korsande v\u00e4gen upplevs som en barri\u00e4r. Enligt stadslivsindex f\u00e5r den 60 po\u00e4ng vilket \u00e4r hyfsat f\u00f6r en stad i 20 000 personers storlek.<\/p>\n\n\n\n<figure class=\"wp-block-image size-large\"><img loading=\"lazy\" decoding=\"async\" width=\"885\" height=\"590\" src=\"https:\/\/ekid.se\/wp-content\/uploads\/2026\/09\/PB_Varnamo_31082026_DSC09264-885x590.jpg\" alt=\"\" class=\"wp-image-32841\" srcset=\"https:\/\/ekid.se\/wp-content\/uploads\/2026\/09\/PB_Varnamo_31082026_DSC09264-885x590.jpg 885w, https:\/\/ekid.se\/wp-content\/uploads\/2026\/09\/PB_Varnamo_31082026_DSC09264-590x393.jpg 590w, https:\/\/ekid.se\/wp-content\/uploads\/2026\/09\/PB_Varnamo_31082026_DSC09264-768x512.jpg 768w, https:\/\/ekid.se\/wp-content\/uploads\/2026\/09\/PB_Varnamo_31082026_DSC09264-1536x1024.jpg 1536w, https:\/\/ekid.se\/wp-content\/uploads\/2026\/09\/PB_Varnamo_31082026_DSC09264.jpg 1920w\" sizes=\"auto, (max-width: 885px) 100vw, 885px\" \/><\/figure>\n\n\n\n<figure class=\"wp-block-image size-large\"><img loading=\"lazy\" decoding=\"async\" width=\"885\" height=\"590\" src=\"https:\/\/ekid.se\/wp-content\/uploads\/2026\/09\/PB_Varnamo_31082026_DSC09266-885x590.jpg\" alt=\"\" class=\"wp-image-32842\" srcset=\"https:\/\/ekid.se\/wp-content\/uploads\/2026\/09\/PB_Varnamo_31082026_DSC09266-885x590.jpg 885w, https:\/\/ekid.se\/wp-content\/uploads\/2026\/09\/PB_Varnamo_31082026_DSC09266-590x393.jpg 590w, https:\/\/ekid.se\/wp-content\/uploads\/2026\/09\/PB_Varnamo_31082026_DSC09266-768x512.jpg 768w, https:\/\/ekid.se\/wp-content\/uploads\/2026\/09\/PB_Varnamo_31082026_DSC09266-1536x1024.jpg 1536w, https:\/\/ekid.se\/wp-content\/uploads\/2026\/09\/PB_Varnamo_31082026_DSC09266.jpg 1920w\" sizes=\"auto, (max-width: 885px) 100vw, 885px\" \/><\/figure>\n\n\n\n<figure class=\"wp-block-image size-large\"><img loading=\"lazy\" decoding=\"async\" width=\"885\" height=\"590\" src=\"https:\/\/ekid.se\/wp-content\/uploads\/2026\/09\/PB_Varnamo_31082026_DSC09267-885x590.jpg\" alt=\"\" class=\"wp-image-32843\" srcset=\"https:\/\/ekid.se\/wp-content\/uploads\/2026\/09\/PB_Varnamo_31082026_DSC09267-885x590.jpg 885w, https:\/\/ekid.se\/wp-content\/uploads\/2026\/09\/PB_Varnamo_31082026_DSC09267-590x393.jpg 590w, https:\/\/ekid.se\/wp-content\/uploads\/2026\/09\/PB_Varnamo_31082026_DSC09267-768x512.jpg 768w, https:\/\/ekid.se\/wp-content\/uploads\/2026\/09\/PB_Varnamo_31082026_DSC09267-1536x1024.jpg 1536w, https:\/\/ekid.se\/wp-content\/uploads\/2026\/09\/PB_Varnamo_31082026_DSC09267.jpg 1920w\" sizes=\"auto, (max-width: 885px) 100vw, 885px\" \/><\/figure>\n\n\n\n<figure class=\"wp-block-image size-large\"><img loading=\"lazy\" decoding=\"async\" width=\"885\" height=\"590\" src=\"https:\/\/ekid.se\/wp-content\/uploads\/2026\/09\/PB_Varnamo_31082026_DSC09269-885x590.jpg\" alt=\"\" class=\"wp-image-32844\" srcset=\"https:\/\/ekid.se\/wp-content\/uploads\/2026\/09\/PB_Varnamo_31082026_DSC09269-885x590.jpg 885w, https:\/\/ekid.se\/wp-content\/uploads\/2026\/09\/PB_Varnamo_31082026_DSC09269-590x393.jpg 590w, https:\/\/ekid.se\/wp-content\/uploads\/2026\/09\/PB_Varnamo_31082026_DSC09269-768x512.jpg 768w, https:\/\/ekid.se\/wp-content\/uploads\/2026\/09\/PB_Varnamo_31082026_DSC09269-1536x1024.jpg 1536w, https:\/\/ekid.se\/wp-content\/uploads\/2026\/09\/PB_Varnamo_31082026_DSC09269.jpg 1920w\" sizes=\"auto, (max-width: 885px) 100vw, 885px\" \/><\/figure>\n\n\n\n<figure class=\"wp-block-image size-large\"><img loading=\"lazy\" decoding=\"async\" width=\"885\" height=\"590\" src=\"https:\/\/ekid.se\/wp-content\/uploads\/2026\/09\/PB_Varnamo_31082026_DSC09271-885x590.jpg\" alt=\"\" class=\"wp-image-32845\" srcset=\"https:\/\/ekid.se\/wp-content\/uploads\/2026\/09\/PB_Varnamo_31082026_DSC09271-885x590.jpg 885w, https:\/\/ekid.se\/wp-content\/uploads\/2026\/09\/PB_Varnamo_31082026_DSC09271-590x393.jpg 590w, https:\/\/ekid.se\/wp-content\/uploads\/2026\/09\/PB_Varnamo_31082026_DSC09271-768x512.jpg 768w, https:\/\/ekid.se\/wp-content\/uploads\/2026\/09\/PB_Varnamo_31082026_DSC09271-1536x1024.jpg 1536w, https:\/\/ekid.se\/wp-content\/uploads\/2026\/09\/PB_Varnamo_31082026_DSC09271.jpg 1920w\" sizes=\"auto, (max-width: 885px) 100vw, 885px\" \/><\/figure>\n\n\n\n<figure class=\"wp-block-image size-large\"><img loading=\"lazy\" decoding=\"async\" width=\"885\" height=\"590\" src=\"https:\/\/ekid.se\/wp-content\/uploads\/2026\/09\/PB_Varnamo_31082026_DSC09270-885x590.jpg\" alt=\"\" class=\"wp-image-32846\" srcset=\"https:\/\/ekid.se\/wp-content\/uploads\/2026\/09\/PB_Varnamo_31082026_DSC09270-885x590.jpg 885w, https:\/\/ekid.se\/wp-content\/uploads\/2026\/09\/PB_Varnamo_31082026_DSC09270-590x393.jpg 590w, https:\/\/ekid.se\/wp-content\/uploads\/2026\/09\/PB_Varnamo_31082026_DSC09270-768x512.jpg 768w, https:\/\/ekid.se\/wp-content\/uploads\/2026\/09\/PB_Varnamo_31082026_DSC09270-1536x1024.jpg 1536w, https:\/\/ekid.se\/wp-content\/uploads\/2026\/09\/PB_Varnamo_31082026_DSC09270.jpg 1920w\" sizes=\"auto, (max-width: 885px) 100vw, 885px\" \/><\/figure>\n\n\n\n<figure class=\"wp-block-image size-large\"><img loading=\"lazy\" decoding=\"async\" width=\"885\" height=\"590\" src=\"https:\/\/ekid.se\/wp-content\/uploads\/2026\/09\/PB_Varnamo_31082026_DSC09273-885x590.jpg\" alt=\"\" class=\"wp-image-32847\" srcset=\"https:\/\/ekid.se\/wp-content\/uploads\/2026\/09\/PB_Varnamo_31082026_DSC09273-885x590.jpg 885w, https:\/\/ekid.se\/wp-content\/uploads\/2026\/09\/PB_Varnamo_31082026_DSC09273-590x393.jpg 590w, https:\/\/ekid.se\/wp-content\/uploads\/2026\/09\/PB_Varnamo_31082026_DSC09273-768x512.jpg 768w, https:\/\/ekid.se\/wp-content\/uploads\/2026\/09\/PB_Varnamo_31082026_DSC09273-1536x1024.jpg 1536w, https:\/\/ekid.se\/wp-content\/uploads\/2026\/09\/PB_Varnamo_31082026_DSC09273.jpg 1920w\" sizes=\"auto, (max-width: 885px) 100vw, 885px\" \/><\/figure>\n\n\n\n<figure class=\"wp-block-image size-large\"><img loading=\"lazy\" decoding=\"async\" width=\"885\" height=\"590\" src=\"https:\/\/ekid.se\/wp-content\/uploads\/2026\/09\/PB_Varnamo_31082026_DSC09274-885x590.jpg\" alt=\"\" class=\"wp-image-32848\" srcset=\"https:\/\/ekid.se\/wp-content\/uploads\/2026\/09\/PB_Varnamo_31082026_DSC09274-885x590.jpg 885w, https:\/\/ekid.se\/wp-content\/uploads\/2026\/09\/PB_Varnamo_31082026_DSC09274-590x393.jpg 590w, https:\/\/ekid.se\/wp-content\/uploads\/2026\/09\/PB_Varnamo_31082026_DSC09274-768x512.jpg 768w, https:\/\/ekid.se\/wp-content\/uploads\/2026\/09\/PB_Varnamo_31082026_DSC09274-1536x1024.jpg 1536w, https:\/\/ekid.se\/wp-content\/uploads\/2026\/09\/PB_Varnamo_31082026_DSC09274.jpg 1920w\" sizes=\"auto, (max-width: 885px) 100vw, 885px\" \/><\/figure>\n","protected":false},"excerpt":{"rendered":"<p>Mitt p\u00e5 huvudgatan som binder samman centrala V\u00e4rnamo mellan stationen och g\u00e4stgivarg\u00e5rden ligger Storgatsbacken som ett torg kring v\u00e4gkorsningen. Storgatan [&hellip;]<\/p>\n","protected":false},"author":1,"featured_media":32848,"comment_status":"closed","ping_status":"closed","sticky":false,"template":"","format":"standard","meta":{"footnotes":""},"categories":[61,71],"tags":[],"class_list":["post-32840","post","type-post","status-publish","format-standard","has-post-thumbnail","hentry","category-stadsbyggnad","category-sveriges-torg"],"_links":{"self":[{"href":"https:\/\/ekid.se\/index.php?rest_route=\/wp\/v2\/posts\/32840","targetHints":{"allow":["GET"]}}],"collection":[{"href":"https:\/\/ekid.se\/index.php?rest_route=\/wp\/v2\/posts"}],"about":[{"href":"https:\/\/ekid.se\/index.php?rest_route=\/wp\/v2\/types\/post"}],"author":[{"embeddable":true,"href":"https:\/\/ekid.se\/index.php?rest_route=\/wp\/v2\/users\/1"}],"replies":[{"embeddable":true,"href":"https:\/\/ekid.se\/index.php?rest_route=%2Fwp%2Fv2%2Fcomments&post=32840"}],"version-history":[{"count":1,"href":"https:\/\/ekid.se\/index.php?rest_route=\/wp\/v2\/posts\/32840\/revisions"}],"predecessor-version":[{"id":32849,"href":"https:\/\/ekid.se\/index.php?rest_route=\/wp\/v2\/posts\/32840\/revisions\/32849"}],"wp:featuredmedia":[{"embeddable":true,"href":"https:\/\/ekid.se\/index.php?rest_route=\/wp\/v2\/media\/32848"}],"wp:attachment":[{"href":"https:\/\/ekid.se\/index.php?rest_route=%2Fwp%2Fv2%2Fmedia&parent=32840"}],"wp:term":[{"taxonomy":"category","embeddable":true,"href":"https:\/\/ekid.se\/index.php?rest_route=%2Fwp%2Fv2%2Fcategories&post=32840"},{"taxonomy":"post_tag","embeddable":true,"href":"https:\/\/ekid.se\/index.php?rest_route=%2Fwp%2Fv2%2Ftags&post=32840"}],"curies":[{"name":"wp","href":"https:\/\/api.w.org\/{rel}","templated":true}]}}