{"id":32834,"date":"2026-08-31T18:44:13","date_gmt":"2026-08-31T16:44:13","guid":{"rendered":"https:\/\/ekid.se\/?p=32834"},"modified":"2026-09-02T18:50:39","modified_gmt":"2026-09-02T16:50:39","slug":"varnamo-kyrktorget","status":"publish","type":"post","link":"https:\/\/ekid.se\/?p=32834","title":{"rendered":"V\u00e4rnamo kyrktorget"},"content":{"rendered":"\n<p class=\"wp-block-paragraph\">V\u00e4rnamo ligger i J\u00f6nk\u00f6pings l\u00e4n och har 20 000 inv\u00e5nare i t\u00e4torten. Centrum \u00e4r utstr\u00e4ckt mellan j\u00e4rnv\u00e4gsstationen i v\u00e4ster och g\u00e4stgiveriet i \u00f6ster, en str\u00e4cka p\u00e5 cirka en kilometer. I \u00f6stra delen ligger kyrktorget som framf\u00f6r allt \u00e4r ett representativt torg med kommunhuset i \u00f6ster, tingshuset i s\u00f6der, kyrkan med kyrkog\u00e5rd i norr och ett nybyggt bostadskvarter i v\u00e4ster. Torget ligger vid huvudgatan och \u00e4r l\u00e4tt att n\u00e5. Det finns dock mycket lite att g\u00f6ra p\u00e5 torget som fr\u00e4mst \u00e4r till f\u00f6r st\u00f6rre arrangemang. Det finns inte heller m\u00e5nga sittplatser s\u00e5 folk sl\u00e5r sig inte ner p\u00e5 torget heller. Enligt stadslivsindex blir det 46 po\u00e4ng vilket \u00e4r beskedligt f\u00f6r ett centralt torg.<\/p>\n\n\n\n<figure class=\"wp-block-image size-large\"><img loading=\"lazy\" decoding=\"async\" width=\"885\" height=\"590\" src=\"https:\/\/ekid.se\/wp-content\/uploads\/2026\/09\/PB_Varnamo_31082026_DSC09287-885x590.jpg\" alt=\"\" class=\"wp-image-32835\" srcset=\"https:\/\/ekid.se\/wp-content\/uploads\/2026\/09\/PB_Varnamo_31082026_DSC09287-885x590.jpg 885w, https:\/\/ekid.se\/wp-content\/uploads\/2026\/09\/PB_Varnamo_31082026_DSC09287-590x393.jpg 590w, https:\/\/ekid.se\/wp-content\/uploads\/2026\/09\/PB_Varnamo_31082026_DSC09287-768x512.jpg 768w, https:\/\/ekid.se\/wp-content\/uploads\/2026\/09\/PB_Varnamo_31082026_DSC09287-1536x1024.jpg 1536w, https:\/\/ekid.se\/wp-content\/uploads\/2026\/09\/PB_Varnamo_31082026_DSC09287.jpg 1920w\" sizes=\"auto, (max-width: 885px) 100vw, 885px\" \/><\/figure>\n\n\n\n<figure class=\"wp-block-image size-large\"><img loading=\"lazy\" decoding=\"async\" width=\"885\" height=\"590\" src=\"https:\/\/ekid.se\/wp-content\/uploads\/2026\/09\/PB_Varnamo_31082026_DSC09289-885x590.jpg\" alt=\"\" class=\"wp-image-32836\" srcset=\"https:\/\/ekid.se\/wp-content\/uploads\/2026\/09\/PB_Varnamo_31082026_DSC09289-885x590.jpg 885w, https:\/\/ekid.se\/wp-content\/uploads\/2026\/09\/PB_Varnamo_31082026_DSC09289-590x393.jpg 590w, https:\/\/ekid.se\/wp-content\/uploads\/2026\/09\/PB_Varnamo_31082026_DSC09289-768x512.jpg 768w, https:\/\/ekid.se\/wp-content\/uploads\/2026\/09\/PB_Varnamo_31082026_DSC09289-1536x1024.jpg 1536w, https:\/\/ekid.se\/wp-content\/uploads\/2026\/09\/PB_Varnamo_31082026_DSC09289.jpg 1920w\" sizes=\"auto, (max-width: 885px) 100vw, 885px\" \/><\/figure>\n\n\n\n<figure class=\"wp-block-image size-large\"><img loading=\"lazy\" decoding=\"async\" width=\"885\" height=\"590\" src=\"https:\/\/ekid.se\/wp-content\/uploads\/2026\/09\/PB_Varnamo_31082026_DSC09290-885x590.jpg\" alt=\"\" class=\"wp-image-32837\" srcset=\"https:\/\/ekid.se\/wp-content\/uploads\/2026\/09\/PB_Varnamo_31082026_DSC09290-885x590.jpg 885w, https:\/\/ekid.se\/wp-content\/uploads\/2026\/09\/PB_Varnamo_31082026_DSC09290-590x393.jpg 590w, https:\/\/ekid.se\/wp-content\/uploads\/2026\/09\/PB_Varnamo_31082026_DSC09290-768x512.jpg 768w, https:\/\/ekid.se\/wp-content\/uploads\/2026\/09\/PB_Varnamo_31082026_DSC09290-1536x1024.jpg 1536w, https:\/\/ekid.se\/wp-content\/uploads\/2026\/09\/PB_Varnamo_31082026_DSC09290.jpg 1920w\" sizes=\"auto, (max-width: 885px) 100vw, 885px\" \/><\/figure>\n\n\n\n<figure class=\"wp-block-image size-large\"><img loading=\"lazy\" decoding=\"async\" width=\"885\" height=\"590\" src=\"https:\/\/ekid.se\/wp-content\/uploads\/2026\/09\/PB_Varnamo_31082026_DSC09292-885x590.jpg\" alt=\"\" class=\"wp-image-32838\" srcset=\"https:\/\/ekid.se\/wp-content\/uploads\/2026\/09\/PB_Varnamo_31082026_DSC09292-885x590.jpg 885w, https:\/\/ekid.se\/wp-content\/uploads\/2026\/09\/PB_Varnamo_31082026_DSC09292-590x393.jpg 590w, https:\/\/ekid.se\/wp-content\/uploads\/2026\/09\/PB_Varnamo_31082026_DSC09292-768x512.jpg 768w, https:\/\/ekid.se\/wp-content\/uploads\/2026\/09\/PB_Varnamo_31082026_DSC09292-1536x1024.jpg 1536w, https:\/\/ekid.se\/wp-content\/uploads\/2026\/09\/PB_Varnamo_31082026_DSC09292.jpg 1920w\" sizes=\"auto, (max-width: 885px) 100vw, 885px\" \/><\/figure>\n","protected":false},"excerpt":{"rendered":"<p>V\u00e4rnamo ligger i J\u00f6nk\u00f6pings l\u00e4n och har 20 000 inv\u00e5nare i t\u00e4torten. Centrum \u00e4r utstr\u00e4ckt mellan j\u00e4rnv\u00e4gsstationen i v\u00e4ster och [&hellip;]<\/p>\n","protected":false},"author":1,"featured_media":32838,"comment_status":"closed","ping_status":"closed","sticky":false,"template":"","format":"standard","meta":{"footnotes":""},"categories":[61,71],"tags":[],"class_list":["post-32834","post","type-post","status-publish","format-standard","has-post-thumbnail","hentry","category-stadsbyggnad","category-sveriges-torg"],"_links":{"self":[{"href":"https:\/\/ekid.se\/index.php?rest_route=\/wp\/v2\/posts\/32834","targetHints":{"allow":["GET"]}}],"collection":[{"href":"https:\/\/ekid.se\/index.php?rest_route=\/wp\/v2\/posts"}],"about":[{"href":"https:\/\/ekid.se\/index.php?rest_route=\/wp\/v2\/types\/post"}],"author":[{"embeddable":true,"href":"https:\/\/ekid.se\/index.php?rest_route=\/wp\/v2\/users\/1"}],"replies":[{"embeddable":true,"href":"https:\/\/ekid.se\/index.php?rest_route=%2Fwp%2Fv2%2Fcomments&post=32834"}],"version-history":[{"count":1,"href":"https:\/\/ekid.se\/index.php?rest_route=\/wp\/v2\/posts\/32834\/revisions"}],"predecessor-version":[{"id":32839,"href":"https:\/\/ekid.se\/index.php?rest_route=\/wp\/v2\/posts\/32834\/revisions\/32839"}],"wp:featuredmedia":[{"embeddable":true,"href":"https:\/\/ekid.se\/index.php?rest_route=\/wp\/v2\/media\/32838"}],"wp:attachment":[{"href":"https:\/\/ekid.se\/index.php?rest_route=%2Fwp%2Fv2%2Fmedia&parent=32834"}],"wp:term":[{"taxonomy":"category","embeddable":true,"href":"https:\/\/ekid.se\/index.php?rest_route=%2Fwp%2Fv2%2Fcategories&post=32834"},{"taxonomy":"post_tag","embeddable":true,"href":"https:\/\/ekid.se\/index.php?rest_route=%2Fwp%2Fv2%2Ftags&post=32834"}],"curies":[{"name":"wp","href":"https:\/\/api.w.org\/{rel}","templated":true}]}}