{"id":32797,"date":"2026-08-28T10:09:31","date_gmt":"2026-08-28T08:09:31","guid":{"rendered":"https:\/\/ekid.se\/?p=32797"},"modified":"2026-09-01T10:17:27","modified_gmt":"2026-09-01T08:17:27","slug":"frihamnsdagarna","status":"publish","type":"post","link":"https:\/\/ekid.se\/?p=32797","title":{"rendered":"Frihamnsdagarna"},"content":{"rendered":"\n<p class=\"wp-block-paragraph\">Via LinkedIn fick jag inspiration att bes\u00f6ka Frihamnsdagarna i G\u00f6teborg den 27 och 28 augusti 2026. Arrangemanget p\u00e5minner om Almedalen men har en tydligare lokal pr\u00e4gel med ungdomar som en viktig m\u00e5lgrupp. Det \u00e4r ocks\u00e5 mycket mindre i omfattning men har \u00e4nd\u00e5 5-6 scener med olika teman. Tv\u00e5 av dessa hade temat byggande och d\u00e4r tillbringade jag mesta tiden. Bland annat fick jag veta mer om kollektivtrafikens ekonomiska betydelse f\u00f6r attraktivitet och fastighetsv\u00e4rden, byggsektorns h\u00f6ga kostnader som stiger mer \u00e4n l\u00f6neniv\u00e5erna och f\u00f6rdjupningar i stadsutvecklingsprojekt i bland annat Lilla Bommen och Stationsomr\u00e5det. Utanf\u00f6r omr\u00e5det fanns \u00e4ven en arena f\u00f6r h\u00e5llbarhet d\u00e4r jag tog del av Martin Hultmans kloka tankar.<\/p>\n\n\n\n<figure class=\"wp-block-image size-large\"><img loading=\"lazy\" decoding=\"async\" width=\"787\" height=\"590\" src=\"https:\/\/ekid.se\/wp-content\/uploads\/2026\/09\/C8C47E82-9405-4C94-AC3C-F578BD450D18-787x590.jpg\" alt=\"\" class=\"wp-image-32798\" srcset=\"https:\/\/ekid.se\/wp-content\/uploads\/2026\/09\/C8C47E82-9405-4C94-AC3C-F578BD450D18-787x590.jpg 787w, https:\/\/ekid.se\/wp-content\/uploads\/2026\/09\/C8C47E82-9405-4C94-AC3C-F578BD450D18-590x443.jpg 590w, https:\/\/ekid.se\/wp-content\/uploads\/2026\/09\/C8C47E82-9405-4C94-AC3C-F578BD450D18-768x576.jpg 768w, https:\/\/ekid.se\/wp-content\/uploads\/2026\/09\/C8C47E82-9405-4C94-AC3C-F578BD450D18-1536x1152.jpg 1536w, https:\/\/ekid.se\/wp-content\/uploads\/2026\/09\/C8C47E82-9405-4C94-AC3C-F578BD450D18-2048x1536.jpg 2048w\" sizes=\"auto, (max-width: 787px) 100vw, 787px\" \/><\/figure>\n\n\n\n<figure class=\"wp-block-image size-large\"><img loading=\"lazy\" decoding=\"async\" width=\"787\" height=\"590\" src=\"https:\/\/ekid.se\/wp-content\/uploads\/2026\/09\/AD37E47C-7981-4816-9842-911AB6E42D90-787x590.jpg\" alt=\"\" class=\"wp-image-32799\" srcset=\"https:\/\/ekid.se\/wp-content\/uploads\/2026\/09\/AD37E47C-7981-4816-9842-911AB6E42D90-787x590.jpg 787w, https:\/\/ekid.se\/wp-content\/uploads\/2026\/09\/AD37E47C-7981-4816-9842-911AB6E42D90-590x443.jpg 590w, https:\/\/ekid.se\/wp-content\/uploads\/2026\/09\/AD37E47C-7981-4816-9842-911AB6E42D90-768x576.jpg 768w, https:\/\/ekid.se\/wp-content\/uploads\/2026\/09\/AD37E47C-7981-4816-9842-911AB6E42D90-1536x1152.jpg 1536w, https:\/\/ekid.se\/wp-content\/uploads\/2026\/09\/AD37E47C-7981-4816-9842-911AB6E42D90-2048x1536.jpg 2048w\" sizes=\"auto, (max-width: 787px) 100vw, 787px\" \/><\/figure>\n\n\n\n<figure class=\"wp-block-image size-large\"><img loading=\"lazy\" decoding=\"async\" width=\"787\" height=\"590\" src=\"https:\/\/ekid.se\/wp-content\/uploads\/2026\/09\/F3C86B49-116B-4A4C-B80E-B8CB1D464F4A-787x590.jpg\" alt=\"\" class=\"wp-image-32800\" srcset=\"https:\/\/ekid.se\/wp-content\/uploads\/2026\/09\/F3C86B49-116B-4A4C-B80E-B8CB1D464F4A-787x590.jpg 787w, https:\/\/ekid.se\/wp-content\/uploads\/2026\/09\/F3C86B49-116B-4A4C-B80E-B8CB1D464F4A-590x443.jpg 590w, https:\/\/ekid.se\/wp-content\/uploads\/2026\/09\/F3C86B49-116B-4A4C-B80E-B8CB1D464F4A-768x576.jpg 768w, https:\/\/ekid.se\/wp-content\/uploads\/2026\/09\/F3C86B49-116B-4A4C-B80E-B8CB1D464F4A-1536x1152.jpg 1536w, https:\/\/ekid.se\/wp-content\/uploads\/2026\/09\/F3C86B49-116B-4A4C-B80E-B8CB1D464F4A-2048x1536.jpg 2048w\" sizes=\"auto, (max-width: 787px) 100vw, 787px\" \/><\/figure>\n","protected":false},"excerpt":{"rendered":"<p>Via LinkedIn fick jag inspiration att bes\u00f6ka Frihamnsdagarna i G\u00f6teborg den 27 och 28 augusti 2026. Arrangemanget p\u00e5minner om Almedalen [&hellip;]<\/p>\n","protected":false},"author":1,"featured_media":32798,"comment_status":"closed","ping_status":"closed","sticky":false,"template":"","format":"standard","meta":{"footnotes":""},"categories":[61],"tags":[],"class_list":["post-32797","post","type-post","status-publish","format-standard","has-post-thumbnail","hentry","category-stadsbyggnad"],"_links":{"self":[{"href":"https:\/\/ekid.se\/index.php?rest_route=\/wp\/v2\/posts\/32797","targetHints":{"allow":["GET"]}}],"collection":[{"href":"https:\/\/ekid.se\/index.php?rest_route=\/wp\/v2\/posts"}],"about":[{"href":"https:\/\/ekid.se\/index.php?rest_route=\/wp\/v2\/types\/post"}],"author":[{"embeddable":true,"href":"https:\/\/ekid.se\/index.php?rest_route=\/wp\/v2\/users\/1"}],"replies":[{"embeddable":true,"href":"https:\/\/ekid.se\/index.php?rest_route=%2Fwp%2Fv2%2Fcomments&post=32797"}],"version-history":[{"count":1,"href":"https:\/\/ekid.se\/index.php?rest_route=\/wp\/v2\/posts\/32797\/revisions"}],"predecessor-version":[{"id":32801,"href":"https:\/\/ekid.se\/index.php?rest_route=\/wp\/v2\/posts\/32797\/revisions\/32801"}],"wp:featuredmedia":[{"embeddable":true,"href":"https:\/\/ekid.se\/index.php?rest_route=\/wp\/v2\/media\/32798"}],"wp:attachment":[{"href":"https:\/\/ekid.se\/index.php?rest_route=%2Fwp%2Fv2%2Fmedia&parent=32797"}],"wp:term":[{"taxonomy":"category","embeddable":true,"href":"https:\/\/ekid.se\/index.php?rest_route=%2Fwp%2Fv2%2Fcategories&post=32797"},{"taxonomy":"post_tag","embeddable":true,"href":"https:\/\/ekid.se\/index.php?rest_route=%2Fwp%2Fv2%2Ftags&post=32797"}],"curies":[{"name":"wp","href":"https:\/\/api.w.org\/{rel}","templated":true}]}}