{"id":32794,"date":"2026-08-31T10:00:47","date_gmt":"2026-08-31T08:00:47","guid":{"rendered":"https:\/\/ekid.se\/?p=32794"},"modified":"2026-09-01T10:08:51","modified_gmt":"2026-09-01T08:08:51","slug":"demokratins-odesstund","status":"publish","type":"post","link":"https:\/\/ekid.se\/?p=32794","title":{"rendered":"Demokratins \u00f6desstund"},"content":{"rendered":"\n<p class=\"wp-block-paragraph\">\u00c5sa och M\u00e5rten Wikforss har tidigare skrivit &#8221;D\u00e4rf\u00f6r demokrati&#8221; \u00e5r 2021 och nu kommer de med den gemensamma &#8221;Demokratins \u00f6desstund. \u00c5sa \u00e4r professor vid Stockholms universitet i praktisk filosofi samt ledamot av Svenska Akademin och Vetenskapsakademin medan hennes bror M\u00e5rten \u00e4r journalist och har bland annat varit informationsansvarig i Volvo. Tillsammans ger de ett f\u00f6rsvar f\u00f6r det \u00f6ppna samh\u00e4llet och beskriver de olika s\u00e4tt som demokratin kan utmanas. De har en bred definition av demokratibegreppet som har h\u00e5ller med om. Massmedia, utbildning, civilsamh\u00e4lle och frist\u00e5ende institutioner \u00e4r viktiga tillsammans med en sj\u00e4lvst\u00e4ndig lagf\u00f6rande f\u00f6rsamling. Demokratin kr\u00e4ver en \u00f6ppen dialog och f\u00f6rs\u00f6ker hantera olika politiska m\u00e5l och medel. Men den \u00e4r samtidigt s\u00e5rbar f\u00f6r sabotage och det tar ofta de sm\u00e5 stegen inom demokratins ramar f\u00f6r att inf\u00f6ra autokrati i olika former. Vi beh\u00f6ver tr\u00e4na oss p\u00e5 att k\u00e4nna igen hoten och hur vi m\u00f6ter dessinformation och l\u00f6gner. Det \u00e4r precis som boken &#8221;Alternativa fakta&#8221; en mycket viktig och l\u00e4rorik bok som jag ger betyg 4 (av 5).<\/p>\n\n\n\n<figure class=\"wp-block-image size-large\"><img loading=\"lazy\" decoding=\"async\" width=\"443\" height=\"590\" src=\"https:\/\/ekid.se\/wp-content\/uploads\/2026\/09\/9665EAF7-FF54-4D39-A021-F355354CC56A-443x590-1.jpg\" alt=\"\" class=\"wp-image-32795\" srcset=\"https:\/\/ekid.se\/wp-content\/uploads\/2026\/09\/9665EAF7-FF54-4D39-A021-F355354CC56A-443x590-1.jpg 443w, https:\/\/ekid.se\/wp-content\/uploads\/2026\/09\/9665EAF7-FF54-4D39-A021-F355354CC56A-768x1024.jpg 768w, https:\/\/ekid.se\/wp-content\/uploads\/2026\/09\/9665EAF7-FF54-4D39-A021-F355354CC56A-1152x1536.jpg 1152w, https:\/\/ekid.se\/wp-content\/uploads\/2026\/09\/9665EAF7-FF54-4D39-A021-F355354CC56A-1536x2048.jpg 1536w, https:\/\/ekid.se\/wp-content\/uploads\/2026\/09\/9665EAF7-FF54-4D39-A021-F355354CC56A-scaled.jpg 1920w\" sizes=\"auto, (max-width: 443px) 100vw, 443px\" \/><\/figure>\n","protected":false},"excerpt":{"rendered":"<p>\u00c5sa och M\u00e5rten Wikforss har tidigare skrivit &#8221;D\u00e4rf\u00f6r demokrati&#8221; \u00e5r 2021 och nu kommer de med den gemensamma &#8221;Demokratins \u00f6desstund. [&hellip;]<\/p>\n","protected":false},"author":1,"featured_media":32795,"comment_status":"closed","ping_status":"closed","sticky":false,"template":"","format":"standard","meta":{"footnotes":""},"categories":[63],"tags":[],"class_list":["post-32794","post","type-post","status-publish","format-standard","has-post-thumbnail","hentry","category-bocker-jag-last"],"_links":{"self":[{"href":"https:\/\/ekid.se\/index.php?rest_route=\/wp\/v2\/posts\/32794","targetHints":{"allow":["GET"]}}],"collection":[{"href":"https:\/\/ekid.se\/index.php?rest_route=\/wp\/v2\/posts"}],"about":[{"href":"https:\/\/ekid.se\/index.php?rest_route=\/wp\/v2\/types\/post"}],"author":[{"embeddable":true,"href":"https:\/\/ekid.se\/index.php?rest_route=\/wp\/v2\/users\/1"}],"replies":[{"embeddable":true,"href":"https:\/\/ekid.se\/index.php?rest_route=%2Fwp%2Fv2%2Fcomments&post=32794"}],"version-history":[{"count":1,"href":"https:\/\/ekid.se\/index.php?rest_route=\/wp\/v2\/posts\/32794\/revisions"}],"predecessor-version":[{"id":32796,"href":"https:\/\/ekid.se\/index.php?rest_route=\/wp\/v2\/posts\/32794\/revisions\/32796"}],"wp:featuredmedia":[{"embeddable":true,"href":"https:\/\/ekid.se\/index.php?rest_route=\/wp\/v2\/media\/32795"}],"wp:attachment":[{"href":"https:\/\/ekid.se\/index.php?rest_route=%2Fwp%2Fv2%2Fmedia&parent=32794"}],"wp:term":[{"taxonomy":"category","embeddable":true,"href":"https:\/\/ekid.se\/index.php?rest_route=%2Fwp%2Fv2%2Fcategories&post=32794"},{"taxonomy":"post_tag","embeddable":true,"href":"https:\/\/ekid.se\/index.php?rest_route=%2Fwp%2Fv2%2Ftags&post=32794"}],"curies":[{"name":"wp","href":"https:\/\/api.w.org\/{rel}","templated":true}]}}