{"id":31710,"date":"2026-03-11T18:03:44","date_gmt":"2026-03-11T16:03:44","guid":{"rendered":"https:\/\/ekid.se\/?p=31710"},"modified":"2026-03-13T18:03:54","modified_gmt":"2026-03-13T16:03:54","slug":"naturens-aterkomst","status":"publish","type":"post","link":"https:\/\/ekid.se\/?p=31710","title":{"rendered":"Naturens \u00e5terkomst"},"content":{"rendered":"\n<p class=\"wp-block-paragraph\">Idag kom tavlorna som ska h\u00e4nga inomhus i den nya naturfotoutst\u00e4llningen som invigs p\u00e5 naturum Skrylle den 21 mars. \u00c5tta av fotograferna i Lunds naturskyddsf\u00f6renings naturfotogrupp har bidragit med tv\u00e5 foton var f\u00f6r att skildra temat &#8221;Naturens \u00e5terkomst&#8221;. \u00c4ven om naturen \u00e4r hotade sker det positiva f\u00f6r\u00e4ndringar och m\u00e4nniskor f\u00f6rs\u00f6ker hj\u00e4lpa naturen p\u00e5 olika s\u00e4tt. Bland annat skapas det v\u00e5tmarker och \u00e4ngsmarker som lockar pollinerare, skogar skyddas och f\u00e5r utveckla rikligt med d\u00f6d ved d\u00e4r en m\u00e5ngfald av arter kan leva. Riktade \u00e5tg\u00e4rder hj\u00e4lper enskilda arter som havs\u00f6rnen, kronhjorten och storken. Utst\u00e4llningen kommer att turnera runt i Lunds kommun under \u00e5ret.<\/p>\n\n\n\n<figure class=\"wp-block-image size-large\"><img loading=\"lazy\" decoding=\"async\" width=\"787\" height=\"590\" src=\"https:\/\/ekid.se\/wp-content\/uploads\/2026\/03\/1CA33F98-30B2-42C1-B2C9-A5B088F51E9D-787x590.jpeg\" alt=\"\" class=\"wp-image-31711\" srcset=\"https:\/\/ekid.se\/wp-content\/uploads\/2026\/03\/1CA33F98-30B2-42C1-B2C9-A5B088F51E9D-787x590.jpeg 787w, https:\/\/ekid.se\/wp-content\/uploads\/2026\/03\/1CA33F98-30B2-42C1-B2C9-A5B088F51E9D-590x443.jpeg 590w, https:\/\/ekid.se\/wp-content\/uploads\/2026\/03\/1CA33F98-30B2-42C1-B2C9-A5B088F51E9D-768x576.jpeg 768w, https:\/\/ekid.se\/wp-content\/uploads\/2026\/03\/1CA33F98-30B2-42C1-B2C9-A5B088F51E9D-1536x1152.jpeg 1536w, https:\/\/ekid.se\/wp-content\/uploads\/2026\/03\/1CA33F98-30B2-42C1-B2C9-A5B088F51E9D-2048x1536.jpeg 2048w\" sizes=\"auto, (max-width: 787px) 100vw, 787px\" \/><\/figure>\n","protected":false},"excerpt":{"rendered":"<p>Idag kom tavlorna som ska h\u00e4nga inomhus i den nya naturfotoutst\u00e4llningen som invigs p\u00e5 naturum Skrylle den 21 mars. \u00c5tta [&hellip;]<\/p>\n","protected":false},"author":1,"featured_media":31711,"comment_status":"closed","ping_status":"closed","sticky":false,"template":"","format":"standard","meta":{"footnotes":""},"categories":[41,19],"tags":[],"class_list":["post-31710","post","type-post","status-publish","format-standard","has-post-thumbnail","hentry","category-naturum","category-naturvard"],"_links":{"self":[{"href":"https:\/\/ekid.se\/index.php?rest_route=\/wp\/v2\/posts\/31710","targetHints":{"allow":["GET"]}}],"collection":[{"href":"https:\/\/ekid.se\/index.php?rest_route=\/wp\/v2\/posts"}],"about":[{"href":"https:\/\/ekid.se\/index.php?rest_route=\/wp\/v2\/types\/post"}],"author":[{"embeddable":true,"href":"https:\/\/ekid.se\/index.php?rest_route=\/wp\/v2\/users\/1"}],"replies":[{"embeddable":true,"href":"https:\/\/ekid.se\/index.php?rest_route=%2Fwp%2Fv2%2Fcomments&post=31710"}],"version-history":[{"count":1,"href":"https:\/\/ekid.se\/index.php?rest_route=\/wp\/v2\/posts\/31710\/revisions"}],"predecessor-version":[{"id":31712,"href":"https:\/\/ekid.se\/index.php?rest_route=\/wp\/v2\/posts\/31710\/revisions\/31712"}],"wp:featuredmedia":[{"embeddable":true,"href":"https:\/\/ekid.se\/index.php?rest_route=\/wp\/v2\/media\/31711"}],"wp:attachment":[{"href":"https:\/\/ekid.se\/index.php?rest_route=%2Fwp%2Fv2%2Fmedia&parent=31710"}],"wp:term":[{"taxonomy":"category","embeddable":true,"href":"https:\/\/ekid.se\/index.php?rest_route=%2Fwp%2Fv2%2Fcategories&post=31710"},{"taxonomy":"post_tag","embeddable":true,"href":"https:\/\/ekid.se\/index.php?rest_route=%2Fwp%2Fv2%2Ftags&post=31710"}],"curies":[{"name":"wp","href":"https:\/\/api.w.org\/{rel}","templated":true}]}}