{"id":30197,"date":"2025-04-16T19:56:14","date_gmt":"2025-04-16T17:56:14","guid":{"rendered":"https:\/\/ekid.se\/?p=30197"},"modified":"2025-04-16T19:56:14","modified_gmt":"2025-04-16T17:56:14","slug":"skogen-om-trad-manniskor-och-25-000-andra-arter","status":"publish","type":"post","link":"https:\/\/ekid.se\/?p=30197","title":{"rendered":"Skogen &#8211; om tr\u00e4d, m\u00e4nniskor och 25 000 andra arter"},"content":{"rendered":"\n<p class=\"wp-block-paragraph\">Forskaren Anne Svendrup-Thygeson blev uppm\u00e4rksammad f\u00f6r sin bok &#8221;Insekternas planet&#8221; som kom 2019. Den blev utsedd till en av de tio viktigaste b\u00f6ckerna om vetenskap av The Smithsonian i USA. H\u00e4r kommer hennes uppf\u00f6ljare om de Norska (och svenska) skogarna utifr\u00e5n hennes morfars farfars flora fr\u00e5n b\u00f6rjan av 1800-talet. Det \u00e4r en intressev\u00e4ckande resa i skogens myllrande m\u00e5ngfald med utblickar i de hot som skogens arter st\u00e5r inf\u00f6r. Hon lyckas verkligen f\u00f6rmedla en stark k\u00e4nsla f\u00f6r skogen, dess biologiska, kulturhistoriska och existensiella v\u00e4rden. Dagens nyttjande \u00e4r inte h\u00e5llbart och bygger p\u00e5 kulturella normer, inte minst v\u00e5rt spr\u00e5k och de ber\u00e4ttelser vi f\u00f6rmedlar i samh\u00e4llet. Chansen att n\u00e5gon som inte \u00e4r intresserad av skogens m\u00e5ngfald ger sig in i boken \u00e4r troligen liten och det \u00e4r redan fr\u00e4lsta som l\u00e4ser i f\u00f6rsta hand. S\u00e5 fr\u00e5gan kvarst\u00e5r hur vi bryter den polarisering som skapats i samh\u00e4llet. F\u00f6r om inte det g\u00f6rs ser framtiden mycket m\u00f6rk ut f\u00f6r kommande generationer. Boken l\u00e5nades p\u00e5 stadsbiblioteket i Lund i mitten av april 2025 och f\u00e5r betyget 3 (av 5).<\/p>\n\n\n\n<figure class=\"wp-block-image size-large\"><img loading=\"lazy\" decoding=\"async\" width=\"443\" height=\"590\" src=\"https:\/\/ekid.se\/wp-content\/uploads\/2025\/04\/AEFAC784-CF8D-4AC2-987A-1E2111B0347D-443x590.jpeg\" alt=\"\" class=\"wp-image-30198\" srcset=\"https:\/\/ekid.se\/wp-content\/uploads\/2025\/04\/AEFAC784-CF8D-4AC2-987A-1E2111B0347D-443x590.jpeg 443w, https:\/\/ekid.se\/wp-content\/uploads\/2025\/04\/AEFAC784-CF8D-4AC2-987A-1E2111B0347D-768x1024.jpeg 768w, https:\/\/ekid.se\/wp-content\/uploads\/2025\/04\/AEFAC784-CF8D-4AC2-987A-1E2111B0347D-1152x1536.jpeg 1152w, https:\/\/ekid.se\/wp-content\/uploads\/2025\/04\/AEFAC784-CF8D-4AC2-987A-1E2111B0347D-1536x2048.jpeg 1536w, https:\/\/ekid.se\/wp-content\/uploads\/2025\/04\/AEFAC784-CF8D-4AC2-987A-1E2111B0347D-scaled.jpeg 1920w\" sizes=\"auto, (max-width: 443px) 100vw, 443px\" \/><\/figure>\n","protected":false},"excerpt":{"rendered":"<p>Forskaren Anne Svendrup-Thygeson blev uppm\u00e4rksammad f\u00f6r sin bok &#8221;Insekternas planet&#8221; som kom 2019. Den blev utsedd till en av de [&hellip;]<\/p>\n","protected":false},"author":1,"featured_media":30198,"comment_status":"closed","ping_status":"closed","sticky":false,"template":"","format":"standard","meta":{"footnotes":""},"categories":[63,19],"tags":[],"class_list":["post-30197","post","type-post","status-publish","format-standard","has-post-thumbnail","hentry","category-bocker-jag-last","category-naturvard"],"_links":{"self":[{"href":"https:\/\/ekid.se\/index.php?rest_route=\/wp\/v2\/posts\/30197","targetHints":{"allow":["GET"]}}],"collection":[{"href":"https:\/\/ekid.se\/index.php?rest_route=\/wp\/v2\/posts"}],"about":[{"href":"https:\/\/ekid.se\/index.php?rest_route=\/wp\/v2\/types\/post"}],"author":[{"embeddable":true,"href":"https:\/\/ekid.se\/index.php?rest_route=\/wp\/v2\/users\/1"}],"replies":[{"embeddable":true,"href":"https:\/\/ekid.se\/index.php?rest_route=%2Fwp%2Fv2%2Fcomments&post=30197"}],"version-history":[{"count":1,"href":"https:\/\/ekid.se\/index.php?rest_route=\/wp\/v2\/posts\/30197\/revisions"}],"predecessor-version":[{"id":30199,"href":"https:\/\/ekid.se\/index.php?rest_route=\/wp\/v2\/posts\/30197\/revisions\/30199"}],"wp:featuredmedia":[{"embeddable":true,"href":"https:\/\/ekid.se\/index.php?rest_route=\/wp\/v2\/media\/30198"}],"wp:attachment":[{"href":"https:\/\/ekid.se\/index.php?rest_route=%2Fwp%2Fv2%2Fmedia&parent=30197"}],"wp:term":[{"taxonomy":"category","embeddable":true,"href":"https:\/\/ekid.se\/index.php?rest_route=%2Fwp%2Fv2%2Fcategories&post=30197"},{"taxonomy":"post_tag","embeddable":true,"href":"https:\/\/ekid.se\/index.php?rest_route=%2Fwp%2Fv2%2Ftags&post=30197"}],"curies":[{"name":"wp","href":"https:\/\/api.w.org\/{rel}","templated":true}]}}