{"id":30091,"date":"2024-11-02T20:22:00","date_gmt":"2024-11-02T18:22:00","guid":{"rendered":"https:\/\/ekid.se\/?p=30091"},"modified":"2025-01-19T20:22:56","modified_gmt":"2025-01-19T18:22:56","slug":"vinterforberedelser-pa-kolonin","status":"publish","type":"post","link":"https:\/\/ekid.se\/?p=30091","title":{"rendered":"Vinterf\u00f6rberedelser p\u00e5 kolonin"},"content":{"rendered":"\n<figure class=\"wp-block-image size-large\"><img loading=\"lazy\" decoding=\"async\" width=\"787\" height=\"590\" src=\"https:\/\/ekid.se\/wp-content\/uploads\/2025\/01\/Bok_02112024-64C95982-FC91-4EB2-9912-4FAFD8B23D9F-787x590.jpg\" alt=\"\" class=\"wp-image-30092\" srcset=\"https:\/\/ekid.se\/wp-content\/uploads\/2025\/01\/Bok_02112024-64C95982-FC91-4EB2-9912-4FAFD8B23D9F-787x590.jpg 787w, https:\/\/ekid.se\/wp-content\/uploads\/2025\/01\/Bok_02112024-64C95982-FC91-4EB2-9912-4FAFD8B23D9F-590x443.jpg 590w, https:\/\/ekid.se\/wp-content\/uploads\/2025\/01\/Bok_02112024-64C95982-FC91-4EB2-9912-4FAFD8B23D9F-768x576.jpg 768w, https:\/\/ekid.se\/wp-content\/uploads\/2025\/01\/Bok_02112024-64C95982-FC91-4EB2-9912-4FAFD8B23D9F-1536x1152.jpg 1536w, https:\/\/ekid.se\/wp-content\/uploads\/2025\/01\/Bok_02112024-64C95982-FC91-4EB2-9912-4FAFD8B23D9F.jpg 1920w\" sizes=\"auto, (max-width: 787px) 100vw, 787px\" \/><\/figure>\n\n\n\n<p class=\"wp-block-paragraph\">Allhelgonahelgen blev avslutning f\u00f6r bads\u00e4songen och troligen slutet f\u00f6r badtunnan som jag monterade \u00e5r 2018. Efter sju s\u00e4songer b\u00f6rjar tr\u00e4et brytas ned och spricka vilket g\u00f6r att tunnan l\u00e4cker. M\u00f6bler st\u00e4lldes samman och krukor togs in. Kolonin g\u00e5r i vinterdvala f\u00f6r att vakna upp till v\u00e5ren igen.<\/p>\n\n\n\n<figure class=\"wp-block-image size-large\"><img loading=\"lazy\" decoding=\"async\" width=\"443\" height=\"590\" src=\"https:\/\/ekid.se\/wp-content\/uploads\/2025\/01\/Bok_02112024-CADAD3B7-3403-474B-A859-157795D5137C-443x590.jpg\" alt=\"\" class=\"wp-image-30093\" srcset=\"https:\/\/ekid.se\/wp-content\/uploads\/2025\/01\/Bok_02112024-CADAD3B7-3403-474B-A859-157795D5137C-443x590.jpg 443w, https:\/\/ekid.se\/wp-content\/uploads\/2025\/01\/Bok_02112024-CADAD3B7-3403-474B-A859-157795D5137C-768x1024.jpg 768w, https:\/\/ekid.se\/wp-content\/uploads\/2025\/01\/Bok_02112024-CADAD3B7-3403-474B-A859-157795D5137C-1152x1536.jpg 1152w, https:\/\/ekid.se\/wp-content\/uploads\/2025\/01\/Bok_02112024-CADAD3B7-3403-474B-A859-157795D5137C.jpg 1440w\" sizes=\"auto, (max-width: 443px) 100vw, 443px\" \/><\/figure>\n","protected":false},"excerpt":{"rendered":"<p>Allhelgonahelgen blev avslutning f\u00f6r bads\u00e4songen och troligen slutet f\u00f6r badtunnan som jag monterade \u00e5r 2018. Efter sju s\u00e4songer b\u00f6rjar tr\u00e4et [&hellip;]<\/p>\n","protected":false},"author":1,"featured_media":30092,"comment_status":"closed","ping_status":"closed","sticky":false,"template":"","format":"standard","meta":{"footnotes":""},"categories":[4],"tags":[],"class_list":["post-30091","post","type-post","status-publish","format-standard","has-post-thumbnail","hentry","category-japansk-koloni"],"_links":{"self":[{"href":"https:\/\/ekid.se\/index.php?rest_route=\/wp\/v2\/posts\/30091","targetHints":{"allow":["GET"]}}],"collection":[{"href":"https:\/\/ekid.se\/index.php?rest_route=\/wp\/v2\/posts"}],"about":[{"href":"https:\/\/ekid.se\/index.php?rest_route=\/wp\/v2\/types\/post"}],"author":[{"embeddable":true,"href":"https:\/\/ekid.se\/index.php?rest_route=\/wp\/v2\/users\/1"}],"replies":[{"embeddable":true,"href":"https:\/\/ekid.se\/index.php?rest_route=%2Fwp%2Fv2%2Fcomments&post=30091"}],"version-history":[{"count":1,"href":"https:\/\/ekid.se\/index.php?rest_route=\/wp\/v2\/posts\/30091\/revisions"}],"predecessor-version":[{"id":30094,"href":"https:\/\/ekid.se\/index.php?rest_route=\/wp\/v2\/posts\/30091\/revisions\/30094"}],"wp:featuredmedia":[{"embeddable":true,"href":"https:\/\/ekid.se\/index.php?rest_route=\/wp\/v2\/media\/30092"}],"wp:attachment":[{"href":"https:\/\/ekid.se\/index.php?rest_route=%2Fwp%2Fv2%2Fmedia&parent=30091"}],"wp:term":[{"taxonomy":"category","embeddable":true,"href":"https:\/\/ekid.se\/index.php?rest_route=%2Fwp%2Fv2%2Fcategories&post=30091"},{"taxonomy":"post_tag","embeddable":true,"href":"https:\/\/ekid.se\/index.php?rest_route=%2Fwp%2Fv2%2Ftags&post=30091"}],"curies":[{"name":"wp","href":"https:\/\/api.w.org\/{rel}","templated":true}]}}