{"id":22831,"date":"2019-09-08T17:49:34","date_gmt":"2019-09-08T15:49:34","guid":{"rendered":"http:\/\/ekid.se\/?p=22831"},"modified":"2024-02-03T18:44:42","modified_gmt":"2024-02-03T16:44:42","slug":"folk-med-angest","status":"publish","type":"post","link":"https:\/\/ekid.se\/?p=22831","title":{"rendered":"Folk med \u00e5ngest"},"content":{"rendered":"\n<p class=\"wp-block-paragraph\">Fredrik Backman har bef\u00e4st sig som en folkk\u00e4r f\u00f6rfattare \u00e4nda sedan debuten med En man som heter Ove. H\u00e4r uppvisar han ytterligare en mycket varm och dr\u00e5plig historia om ett antal udda personer som av olika anledningar har samlats p\u00e5 en l\u00e4genhetsvisning. Det \u00e4r en blandning av humor med inslag av sm\u00e4rta och Backman visar upp en stor k\u00e4rlek till sina karakt\u00e4rer. Jag ger betyget en stark 3:a (av 5) och tycker b\u00f6ckerna om Bj\u00f6rnstad som tar upp sv\u00e5ra \u00e4mnen \u00e4r b\u00e4ttre. Boken l\u00e5nades i L\u00e5na&amp;L\u00e4s p\u00e5 Akademibokhandeln i september 2019.<\/p>\n\n\n\n<figure class=\"wp-block-image\"><img loading=\"lazy\" decoding=\"async\" width=\"279\" height=\"408\" src=\"http:\/\/ekid.se\/wp-content\/uploads\/2020\/01\/2019_12_Folka\u030angest_Backman.jpg\" alt=\"\" class=\"wp-image-22832\" srcset=\"https:\/\/ekid.se\/wp-content\/uploads\/2020\/01\/2019_12_Folka\u030angest_Backman.jpg 279w, https:\/\/ekid.se\/wp-content\/uploads\/2020\/01\/2019_12_Folka\u030angest_Backman-120x175.jpg 120w\" sizes=\"auto, (max-width: 279px) 100vw, 279px\" \/><\/figure>\n","protected":false},"excerpt":{"rendered":"<p>Fredrik Backman har bef\u00e4st sig som en folkk\u00e4r f\u00f6rfattare \u00e4nda sedan debuten med En man som heter Ove. H\u00e4r uppvisar [&hellip;]<\/p>\n","protected":false},"author":1,"featured_media":22832,"comment_status":"closed","ping_status":"closed","sticky":false,"template":"","format":"standard","meta":{"footnotes":""},"categories":[63],"tags":[],"class_list":["post-22831","post","type-post","status-publish","format-standard","has-post-thumbnail","hentry","category-bocker-jag-last"],"_links":{"self":[{"href":"https:\/\/ekid.se\/index.php?rest_route=\/wp\/v2\/posts\/22831","targetHints":{"allow":["GET"]}}],"collection":[{"href":"https:\/\/ekid.se\/index.php?rest_route=\/wp\/v2\/posts"}],"about":[{"href":"https:\/\/ekid.se\/index.php?rest_route=\/wp\/v2\/types\/post"}],"author":[{"embeddable":true,"href":"https:\/\/ekid.se\/index.php?rest_route=\/wp\/v2\/users\/1"}],"replies":[{"embeddable":true,"href":"https:\/\/ekid.se\/index.php?rest_route=%2Fwp%2Fv2%2Fcomments&post=22831"}],"version-history":[{"count":2,"href":"https:\/\/ekid.se\/index.php?rest_route=\/wp\/v2\/posts\/22831\/revisions"}],"predecessor-version":[{"id":22834,"href":"https:\/\/ekid.se\/index.php?rest_route=\/wp\/v2\/posts\/22831\/revisions\/22834"}],"wp:featuredmedia":[{"embeddable":true,"href":"https:\/\/ekid.se\/index.php?rest_route=\/wp\/v2\/media\/22832"}],"wp:attachment":[{"href":"https:\/\/ekid.se\/index.php?rest_route=%2Fwp%2Fv2%2Fmedia&parent=22831"}],"wp:term":[{"taxonomy":"category","embeddable":true,"href":"https:\/\/ekid.se\/index.php?rest_route=%2Fwp%2Fv2%2Fcategories&post=22831"},{"taxonomy":"post_tag","embeddable":true,"href":"https:\/\/ekid.se\/index.php?rest_route=%2Fwp%2Fv2%2Ftags&post=22831"}],"curies":[{"name":"wp","href":"https:\/\/api.w.org\/{rel}","templated":true}]}}