{"id":22757,"date":"1989-06-02T12:43:49","date_gmt":"1989-06-02T10:43:49","guid":{"rendered":"http:\/\/ekid.se\/?p=22757"},"modified":"2020-01-02T12:49:11","modified_gmt":"2020-01-02T10:49:11","slug":"naturvardsplan-svedala","status":"publish","type":"post","link":"https:\/\/ekid.se\/?p=22757","title":{"rendered":"Naturv\u00e5rdsplan Svedala"},"content":{"rendered":"\n<p class=\"wp-block-paragraph\">V\u00e5ren 1989 tog jag fram en naturv\u00e5rdsplan f\u00f6r Svedala kommun som n\u00e4r det antogs \u00e5r 1990 blev det f\u00f6rsta kommunala naturv\u00e5rdsprogram som antogs i Sk\u00e5ne, endast en vecka f\u00f6re Lunds kommun. Programmet presenterar naturomr\u00e5den klassade i tree naturv\u00e5rdsklasser. Bakgrundsbeskrivning finns i s\u00e4rskild rapport och \u00e5tg\u00e4rdsf\u00f6rslag i ytterligare en rapport.<\/p>\n\n\n\n<figure class=\"wp-block-image\"><img loading=\"lazy\" decoding=\"async\" width=\"423\" height=\"590\" src=\"http:\/\/ekid.se\/wp-content\/uploads\/2020\/01\/Skyddsva\u0308rd-natur-i-Svedala-1988-423x590.jpg\" alt=\"\" class=\"wp-image-22758\" srcset=\"https:\/\/ekid.se\/wp-content\/uploads\/2020\/01\/Skyddsva\u0308rd-natur-i-Svedala-1988-423x590.jpg 423w, https:\/\/ekid.se\/wp-content\/uploads\/2020\/01\/Skyddsva\u0308rd-natur-i-Svedala-1988-126x175.jpg 126w, https:\/\/ekid.se\/wp-content\/uploads\/2020\/01\/Skyddsva\u0308rd-natur-i-Svedala-1988.jpg 579w\" sizes=\"auto, (max-width: 423px) 100vw, 423px\" \/><\/figure>\n","protected":false},"excerpt":{"rendered":"<p>V\u00e5ren 1989 tog jag fram en naturv\u00e5rdsplan f\u00f6r Svedala kommun som n\u00e4r det antogs \u00e5r 1990 blev det f\u00f6rsta kommunala [&hellip;]<\/p>\n","protected":false},"author":1,"featured_media":0,"comment_status":"closed","ping_status":"closed","sticky":false,"template":"","format":"standard","meta":{"footnotes":""},"categories":[19],"tags":[],"class_list":["post-22757","post","type-post","status-publish","format-standard","hentry","category-naturvard"],"_links":{"self":[{"href":"https:\/\/ekid.se\/index.php?rest_route=\/wp\/v2\/posts\/22757","targetHints":{"allow":["GET"]}}],"collection":[{"href":"https:\/\/ekid.se\/index.php?rest_route=\/wp\/v2\/posts"}],"about":[{"href":"https:\/\/ekid.se\/index.php?rest_route=\/wp\/v2\/types\/post"}],"author":[{"embeddable":true,"href":"https:\/\/ekid.se\/index.php?rest_route=\/wp\/v2\/users\/1"}],"replies":[{"embeddable":true,"href":"https:\/\/ekid.se\/index.php?rest_route=%2Fwp%2Fv2%2Fcomments&post=22757"}],"version-history":[{"count":1,"href":"https:\/\/ekid.se\/index.php?rest_route=\/wp\/v2\/posts\/22757\/revisions"}],"predecessor-version":[{"id":22759,"href":"https:\/\/ekid.se\/index.php?rest_route=\/wp\/v2\/posts\/22757\/revisions\/22759"}],"wp:attachment":[{"href":"https:\/\/ekid.se\/index.php?rest_route=%2Fwp%2Fv2%2Fmedia&parent=22757"}],"wp:term":[{"taxonomy":"category","embeddable":true,"href":"https:\/\/ekid.se\/index.php?rest_route=%2Fwp%2Fv2%2Fcategories&post=22757"},{"taxonomy":"post_tag","embeddable":true,"href":"https:\/\/ekid.se\/index.php?rest_route=%2Fwp%2Fv2%2Ftags&post=22757"}],"curies":[{"name":"wp","href":"https:\/\/api.w.org\/{rel}","templated":true}]}}