{"id":1870,"date":"2010-05-12T20:55:57","date_gmt":"2010-05-12T18:55:57","guid":{"rendered":"http:\/\/ekid.se\/?p=1870"},"modified":"2024-03-26T09:13:09","modified_gmt":"2024-03-26T07:13:09","slug":"skadarsjon-nationalpark","status":"publish","type":"post","link":"https:\/\/ekid.se\/?p=1870","title":{"rendered":"91 Skadarsj\u00f6n nationalpark"},"content":{"rendered":"<p><a href=\"http:\/\/ekid.se\/?attachment_id=1872\" rel=\"attachment wp-att-1872\"><img loading=\"lazy\" decoding=\"async\" class=\"alignleft size-medium wp-image-1872\" title=\"PB_balkan_20100510_IMGP2253\" src=\"http:\/\/ekid.se\/wp-content\/uploads\/PB_balkan_20100510_IMGP2253-590x394.jpg\" alt=\"\" width=\"590\" height=\"394\" srcset=\"https:\/\/ekid.se\/wp-content\/uploads\/PB_balkan_20100510_IMGP2253-590x394.jpg 590w, https:\/\/ekid.se\/wp-content\/uploads\/PB_balkan_20100510_IMGP2253-261x175.jpg 261w, https:\/\/ekid.se\/wp-content\/uploads\/PB_balkan_20100510_IMGP2253.jpg 950w\" sizes=\"auto, (max-width: 590px) 100vw, 590px\" \/><\/a>I s\u00f6dra delen av Montenegro bara n\u00e5gon mil norr om Medelhavet ligger Balkans storsta sj\u00f6, Skadarsj\u00f6n. Sj\u00f6n och de kringliggande v\u00e5tmarkerna \u00e4r skyddade som nationalpark och hyser en mycket rik flora och fauna. Bland annat \u00e4r sj\u00f6n hemvist \u00e5t den s\u00e4llsynta krushuvade pelikanen. Vattenst\u00e5ndet i sj\u00f6n varierar \u00f6ver \u00e5ret och h\u00f6js med m\u00e5nga meter under v\u00e5ren. Floddalen i v\u00e4ster blir d\u00e5 en djup fjord och vattnet stiger h\u00f6gt upp i kringliggande skogar.<\/p>\n","protected":false},"excerpt":{"rendered":"<p>I s\u00f6dra delen av Montenegro bara n\u00e5gon mil norr om Medelhavet ligger Balkans storsta sj\u00f6, Skadarsj\u00f6n. Sj\u00f6n och de kringliggande [&hellip;]<\/p>\n","protected":false},"author":1,"featured_media":29513,"comment_status":"closed","ping_status":"closed","sticky":false,"template":"","format":"standard","meta":{"footnotes":""},"categories":[7],"tags":[],"class_list":["post-1870","post","type-post","status-publish","format-standard","has-post-thumbnail","hentry","category-europas-natur"],"_links":{"self":[{"href":"https:\/\/ekid.se\/index.php?rest_route=\/wp\/v2\/posts\/1870","targetHints":{"allow":["GET"]}}],"collection":[{"href":"https:\/\/ekid.se\/index.php?rest_route=\/wp\/v2\/posts"}],"about":[{"href":"https:\/\/ekid.se\/index.php?rest_route=\/wp\/v2\/types\/post"}],"author":[{"embeddable":true,"href":"https:\/\/ekid.se\/index.php?rest_route=\/wp\/v2\/users\/1"}],"replies":[{"embeddable":true,"href":"https:\/\/ekid.se\/index.php?rest_route=%2Fwp%2Fv2%2Fcomments&post=1870"}],"version-history":[{"count":5,"href":"https:\/\/ekid.se\/index.php?rest_route=\/wp\/v2\/posts\/1870\/revisions"}],"predecessor-version":[{"id":17911,"href":"https:\/\/ekid.se\/index.php?rest_route=\/wp\/v2\/posts\/1870\/revisions\/17911"}],"wp:featuredmedia":[{"embeddable":true,"href":"https:\/\/ekid.se\/index.php?rest_route=\/wp\/v2\/media\/29513"}],"wp:attachment":[{"href":"https:\/\/ekid.se\/index.php?rest_route=%2Fwp%2Fv2%2Fmedia&parent=1870"}],"wp:term":[{"taxonomy":"category","embeddable":true,"href":"https:\/\/ekid.se\/index.php?rest_route=%2Fwp%2Fv2%2Fcategories&post=1870"},{"taxonomy":"post_tag","embeddable":true,"href":"https:\/\/ekid.se\/index.php?rest_route=%2Fwp%2Fv2%2Ftags&post=1870"}],"curies":[{"name":"wp","href":"https:\/\/api.w.org\/{rel}","templated":true}]}}