{"id":1714,"date":"2003-06-12T21:24:22","date_gmt":"2003-06-12T19:24:22","guid":{"rendered":"http:\/\/ekid.se\/?p=1714"},"modified":"2024-03-25T10:42:42","modified_gmt":"2024-03-25T08:42:42","slug":"163-rinnebacksravinen","status":"publish","type":"post","link":"https:\/\/ekid.se\/?p=1714","title":{"rendered":"168 Rinneb\u00e4cksravinen (kommunalt)"},"content":{"rendered":"<p><a rel=\"attachment wp-att-3797\" href=\"http:\/\/ekid.se\/?attachment_id=3797\"><img loading=\"lazy\" decoding=\"async\" class=\"alignleft size-medium wp-image-3797\" title=\"4832_varpinge_080522_PB_IMGP6243_redigerad-1\" src=\"http:\/\/ekid.se\/wp-content\/uploads\/4832_varpinge_080522_PB_IMGP6243_redigerad-1-590x394.jpg\" alt=\"\" width=\"590\" height=\"394\" srcset=\"https:\/\/ekid.se\/wp-content\/uploads\/4832_varpinge_080522_PB_IMGP6243_redigerad-1-590x394.jpg 590w, https:\/\/ekid.se\/wp-content\/uploads\/4832_varpinge_080522_PB_IMGP6243_redigerad-1-261x175.jpg 261w, https:\/\/ekid.se\/wp-content\/uploads\/4832_varpinge_080522_PB_IMGP6243_redigerad-1.jpg 950w\" sizes=\"auto, (max-width: 590px) 100vw, 590px\" \/><\/a>Bildat: 2003-06-12. kommunalt reservat. Storlek: 3,1 ha. Lunds kommun. Betad b\u00e4ckravin i stadens v\u00e4stra kant. Rik flora och stor betydelse f\u00f6r det t\u00e4tortsn\u00e4ra friluftslivet.<\/p>\n","protected":false},"excerpt":{"rendered":"<p>Bildat: 2003-06-12. kommunalt reservat. Storlek: 3,1 ha. Lunds kommun. Betad b\u00e4ckravin i stadens v\u00e4stra kant. Rik flora och stor betydelse [&hellip;]<\/p>\n","protected":false},"author":1,"featured_media":29285,"comment_status":"closed","ping_status":"closed","sticky":false,"template":"","format":"standard","meta":{"footnotes":""},"categories":[6],"tags":[],"class_list":["post-1714","post","type-post","status-publish","format-standard","has-post-thumbnail","hentry","category-skansk-skyddad-natur"],"_links":{"self":[{"href":"https:\/\/ekid.se\/index.php?rest_route=\/wp\/v2\/posts\/1714","targetHints":{"allow":["GET"]}}],"collection":[{"href":"https:\/\/ekid.se\/index.php?rest_route=\/wp\/v2\/posts"}],"about":[{"href":"https:\/\/ekid.se\/index.php?rest_route=\/wp\/v2\/types\/post"}],"author":[{"embeddable":true,"href":"https:\/\/ekid.se\/index.php?rest_route=\/wp\/v2\/users\/1"}],"replies":[{"embeddable":true,"href":"https:\/\/ekid.se\/index.php?rest_route=%2Fwp%2Fv2%2Fcomments&post=1714"}],"version-history":[{"count":10,"href":"https:\/\/ekid.se\/index.php?rest_route=\/wp\/v2\/posts\/1714\/revisions"}],"predecessor-version":[{"id":7816,"href":"https:\/\/ekid.se\/index.php?rest_route=\/wp\/v2\/posts\/1714\/revisions\/7816"}],"wp:featuredmedia":[{"embeddable":true,"href":"https:\/\/ekid.se\/index.php?rest_route=\/wp\/v2\/media\/29285"}],"wp:attachment":[{"href":"https:\/\/ekid.se\/index.php?rest_route=%2Fwp%2Fv2%2Fmedia&parent=1714"}],"wp:term":[{"taxonomy":"category","embeddable":true,"href":"https:\/\/ekid.se\/index.php?rest_route=%2Fwp%2Fv2%2Fcategories&post=1714"},{"taxonomy":"post_tag","embeddable":true,"href":"https:\/\/ekid.se\/index.php?rest_route=%2Fwp%2Fv2%2Ftags&post=1714"}],"curies":[{"name":"wp","href":"https:\/\/api.w.org\/{rel}","templated":true}]}}