{"id":1530,"date":"2008-02-22T20:02:33","date_gmt":"2008-02-22T18:02:33","guid":{"rendered":"http:\/\/ekid.se\/?p=1530"},"modified":"2024-03-25T12:06:28","modified_gmt":"2024-03-25T10:06:28","slug":"196-hackeberga-husarahagen","status":"publish","type":"post","link":"https:\/\/ekid.se\/?p=1530","title":{"rendered":"197 H\u00e4ckeberga-Husarahagen"},"content":{"rendered":"<p><a rel=\"attachment wp-att-3106\" href=\"http:\/\/ekid.se\/?attachment_id=3106\"><img loading=\"lazy\" decoding=\"async\" class=\"alignleft size-medium wp-image-3106\" title=\"IMGP5812\" src=\"http:\/\/ekid.se\/wp-content\/uploads\/IMGP5812-590x394.jpg\" alt=\"\" width=\"590\" height=\"394\" srcset=\"https:\/\/ekid.se\/wp-content\/uploads\/IMGP5812-590x394.jpg 590w, https:\/\/ekid.se\/wp-content\/uploads\/IMGP5812-261x175.jpg 261w, https:\/\/ekid.se\/wp-content\/uploads\/IMGP5812.jpg 950w\" sizes=\"auto, (max-width: 590px) 100vw, 590px\" \/><\/a>Bildat: 2008-02-22 Storlek: 47.3 ha (produktiv skog 43.8 ha) Lunds kommun. \u00c4dell\u00f6vskog i s\u00f6dra delen av H\u00e4ckeberga d\u00e4r den centrala delen visar en \u00e5lderdomlig h\u00e4vdp\u00e5verkad bokskog med flerstammiga tr\u00e4d i 250-\u00e5rs\u00e5ldern. Rik fauna och flora knuten till gamla tr\u00e4d.<\/p>\n","protected":false},"excerpt":{"rendered":"<p>Bildat: 2008-02-22 Storlek: 47.3 ha (produktiv skog 43.8 ha) Lunds kommun. \u00c4dell\u00f6vskog i s\u00f6dra delen av H\u00e4ckeberga d\u00e4r den centrala [&hellip;]<\/p>\n","protected":false},"author":1,"featured_media":29428,"comment_status":"closed","ping_status":"closed","sticky":false,"template":"","format":"standard","meta":{"footnotes":""},"categories":[6],"tags":[],"class_list":["post-1530","post","type-post","status-publish","format-standard","has-post-thumbnail","hentry","category-skansk-skyddad-natur"],"_links":{"self":[{"href":"https:\/\/ekid.se\/index.php?rest_route=\/wp\/v2\/posts\/1530","targetHints":{"allow":["GET"]}}],"collection":[{"href":"https:\/\/ekid.se\/index.php?rest_route=\/wp\/v2\/posts"}],"about":[{"href":"https:\/\/ekid.se\/index.php?rest_route=\/wp\/v2\/types\/post"}],"author":[{"embeddable":true,"href":"https:\/\/ekid.se\/index.php?rest_route=\/wp\/v2\/users\/1"}],"replies":[{"embeddable":true,"href":"https:\/\/ekid.se\/index.php?rest_route=%2Fwp%2Fv2%2Fcomments&post=1530"}],"version-history":[{"count":9,"href":"https:\/\/ekid.se\/index.php?rest_route=\/wp\/v2\/posts\/1530\/revisions"}],"predecessor-version":[{"id":7758,"href":"https:\/\/ekid.se\/index.php?rest_route=\/wp\/v2\/posts\/1530\/revisions\/7758"}],"wp:featuredmedia":[{"embeddable":true,"href":"https:\/\/ekid.se\/index.php?rest_route=\/wp\/v2\/media\/29428"}],"wp:attachment":[{"href":"https:\/\/ekid.se\/index.php?rest_route=%2Fwp%2Fv2%2Fmedia&parent=1530"}],"wp:term":[{"taxonomy":"category","embeddable":true,"href":"https:\/\/ekid.se\/index.php?rest_route=%2Fwp%2Fv2%2Fcategories&post=1530"},{"taxonomy":"post_tag","embeddable":true,"href":"https:\/\/ekid.se\/index.php?rest_route=%2Fwp%2Fv2%2Ftags&post=1530"}],"curies":[{"name":"wp","href":"https:\/\/api.w.org\/{rel}","templated":true}]}}