{"id":1445,"date":"1998-12-16T23:52:39","date_gmt":"1998-12-16T21:52:39","guid":{"rendered":"http:\/\/ekid.se\/?p=1445"},"modified":"2024-03-24T23:14:21","modified_gmt":"2024-03-24T21:14:21","slug":"japan-1998-99","status":"publish","type":"post","link":"https:\/\/ekid.se\/?p=1445","title":{"rendered":"Japan 1998-99"},"content":{"rendered":"<p><a rel=\"attachment wp-att-4636\" href=\"http:\/\/ekid.se\/?attachment_id=4636\"><img loading=\"lazy\" decoding=\"async\" class=\"alignleft size-medium wp-image-4636\" title=\"1998 Japan 1999_4\" src=\"http:\/\/ekid.se\/wp-content\/uploads\/1998-Japan-1999_4-590x435.jpg\" alt=\"\" width=\"590\" height=\"435\" srcset=\"https:\/\/ekid.se\/wp-content\/uploads\/1998-Japan-1999_4-590x435.jpg 590w, https:\/\/ekid.se\/wp-content\/uploads\/1998-Japan-1999_4-237x175.jpg 237w, https:\/\/ekid.se\/wp-content\/uploads\/1998-Japan-1999_4.jpg 950w\" sizes=\"auto, (max-width: 590px) 100vw, 590px\" \/><\/a>\u00d6ver jul och ny\u00e5rshelgerna 1998-99 \u00e5kte jag till Japan f\u00f6r f\u00f6rsta g\u00e5ngen i mitt liv och fick en fantastisk upplevelse. S\u00e5 modernt och samtidigt s\u00e5 annorlund och historiskt v\u00e4lbevarat. Jag hade turen att f\u00e5 bes\u00f6ka m\u00e5nga m\u00e4nniskor och fick d\u00e4rmed en speciell insyn i vardagslivet.<\/p>\n","protected":false},"excerpt":{"rendered":"<p>\u00d6ver jul och ny\u00e5rshelgerna 1998-99 \u00e5kte jag till Japan f\u00f6r f\u00f6rsta g\u00e5ngen i mitt liv och fick en fantastisk upplevelse. [&hellip;]<\/p>\n","protected":false},"author":1,"featured_media":29237,"comment_status":"closed","ping_status":"closed","sticky":false,"template":"","format":"standard","meta":{"footnotes":""},"categories":[5],"tags":[],"class_list":["post-1445","post","type-post","status-publish","format-standard","has-post-thumbnail","hentry","category-resor"],"_links":{"self":[{"href":"https:\/\/ekid.se\/index.php?rest_route=\/wp\/v2\/posts\/1445","targetHints":{"allow":["GET"]}}],"collection":[{"href":"https:\/\/ekid.se\/index.php?rest_route=\/wp\/v2\/posts"}],"about":[{"href":"https:\/\/ekid.se\/index.php?rest_route=\/wp\/v2\/types\/post"}],"author":[{"embeddable":true,"href":"https:\/\/ekid.se\/index.php?rest_route=\/wp\/v2\/users\/1"}],"replies":[{"embeddable":true,"href":"https:\/\/ekid.se\/index.php?rest_route=%2Fwp%2Fv2%2Fcomments&post=1445"}],"version-history":[{"count":4,"href":"https:\/\/ekid.se\/index.php?rest_route=\/wp\/v2\/posts\/1445\/revisions"}],"predecessor-version":[{"id":4638,"href":"https:\/\/ekid.se\/index.php?rest_route=\/wp\/v2\/posts\/1445\/revisions\/4638"}],"wp:featuredmedia":[{"embeddable":true,"href":"https:\/\/ekid.se\/index.php?rest_route=\/wp\/v2\/media\/29237"}],"wp:attachment":[{"href":"https:\/\/ekid.se\/index.php?rest_route=%2Fwp%2Fv2%2Fmedia&parent=1445"}],"wp:term":[{"taxonomy":"category","embeddable":true,"href":"https:\/\/ekid.se\/index.php?rest_route=%2Fwp%2Fv2%2Fcategories&post=1445"},{"taxonomy":"post_tag","embeddable":true,"href":"https:\/\/ekid.se\/index.php?rest_route=%2Fwp%2Fv2%2Ftags&post=1445"}],"curies":[{"name":"wp","href":"https:\/\/api.w.org\/{rel}","templated":true}]}}