{"id":13543,"date":"2014-04-13T15:07:31","date_gmt":"2014-04-13T13:07:31","guid":{"rendered":"http:\/\/ekid.se\/?p=13543"},"modified":"2014-05-10T15:07:47","modified_gmt":"2014-05-10T13:07:47","slug":"skanska-landskap-i-forandring","status":"publish","type":"post","link":"https:\/\/ekid.se\/?p=13543","title":{"rendered":"Sk\u00e5nes landskap i f\u00f6r\u00e4ndring"},"content":{"rendered":"<p>Under 2013 skrev jag texterna till boken &#8221;Sk\u00e5nes landskap i f\u00f6r\u00e4ndring&#8221; d\u00e4r Sven Persson fotograferade och Lollo Persson gjorde layout. Boken bygger p\u00e5 Henning och Gunnar Weimarcks bilder fr\u00e5n 1950-talet som Sven tagit om 60 \u00e5r senare och jag beskriver de landskapsf\u00f6r\u00e4ndringar som skett i Sk\u00e5ne. Tiden kring 1950-talet \u00e4r intressant eftersom de stora samh\u00e4llsf\u00f6r\u00e4ndringarna just startade. Biltrafiken var fortfarande sparsam och jordbruket hade inte rationaliserats. St\u00e4dernas miljonprogram och villamattor hade \u00e4nnu inte rullats ut och kraftledningarna och vindkraftverken saknades. Det \u00e4r mycket som h\u00e4nt under 60 \u00e5r och det historiska perspektivet \u00e4r viktigt f\u00f6r att kunna f\u00f6rutse och p\u00e5verka de f\u00f6r\u00e4ndringar som sker idag. Boken kan best\u00e4llas genom Swelo och Sven visar g\u00e4rna bildspel med sp\u00e4nnande \u00f6vertoningar av landskapsf\u00f6r\u00e4ndringar under 60 \u00e5r.<\/p>\n<p><a href=\"http:\/\/ekid.se\/wp-content\/uploads\/2014\/04\/PB_290314_2014-03-29-12.22.41.jpg\"><img loading=\"lazy\" decoding=\"async\" class=\"alignleft size-medium wp-image-13544\" src=\"http:\/\/ekid.se\/wp-content\/uploads\/2014\/04\/PB_290314_2014-03-29-12.22.41-440x590.jpg\" alt=\"Atsugi\" width=\"440\" height=\"590\" srcset=\"https:\/\/ekid.se\/wp-content\/uploads\/2014\/04\/PB_290314_2014-03-29-12.22.41-440x590.jpg 440w, https:\/\/ekid.se\/wp-content\/uploads\/2014\/04\/PB_290314_2014-03-29-12.22.41-130x175.jpg 130w, https:\/\/ekid.se\/wp-content\/uploads\/2014\/04\/PB_290314_2014-03-29-12.22.41.jpg 1434w\" sizes=\"auto, (max-width: 440px) 100vw, 440px\" \/><\/a><\/p>\n","protected":false},"excerpt":{"rendered":"<p>Under 2013 skrev jag texterna till boken &#8221;Sk\u00e5nes landskap i f\u00f6r\u00e4ndring&#8221; d\u00e4r Sven Persson fotograferade och Lollo Persson gjorde layout. [&hellip;]<\/p>\n","protected":false},"author":1,"featured_media":13544,"comment_status":"closed","ping_status":"closed","sticky":false,"template":"","format":"standard","meta":{"footnotes":""},"categories":[9],"tags":[],"class_list":["post-13543","post","type-post","status-publish","format-standard","has-post-thumbnail","hentry","category-bocker"],"_links":{"self":[{"href":"https:\/\/ekid.se\/index.php?rest_route=\/wp\/v2\/posts\/13543","targetHints":{"allow":["GET"]}}],"collection":[{"href":"https:\/\/ekid.se\/index.php?rest_route=\/wp\/v2\/posts"}],"about":[{"href":"https:\/\/ekid.se\/index.php?rest_route=\/wp\/v2\/types\/post"}],"author":[{"embeddable":true,"href":"https:\/\/ekid.se\/index.php?rest_route=\/wp\/v2\/users\/1"}],"replies":[{"embeddable":true,"href":"https:\/\/ekid.se\/index.php?rest_route=%2Fwp%2Fv2%2Fcomments&post=13543"}],"version-history":[{"count":4,"href":"https:\/\/ekid.se\/index.php?rest_route=\/wp\/v2\/posts\/13543\/revisions"}],"predecessor-version":[{"id":13580,"href":"https:\/\/ekid.se\/index.php?rest_route=\/wp\/v2\/posts\/13543\/revisions\/13580"}],"wp:featuredmedia":[{"embeddable":true,"href":"https:\/\/ekid.se\/index.php?rest_route=\/wp\/v2\/media\/13544"}],"wp:attachment":[{"href":"https:\/\/ekid.se\/index.php?rest_route=%2Fwp%2Fv2%2Fmedia&parent=13543"}],"wp:term":[{"taxonomy":"category","embeddable":true,"href":"https:\/\/ekid.se\/index.php?rest_route=%2Fwp%2Fv2%2Fcategories&post=13543"},{"taxonomy":"post_tag","embeddable":true,"href":"https:\/\/ekid.se\/index.php?rest_route=%2Fwp%2Fv2%2Ftags&post=13543"}],"curies":[{"name":"wp","href":"https:\/\/api.w.org\/{rel}","templated":true}]}}