{"id":1354,"date":"2007-07-16T23:10:46","date_gmt":"2007-07-16T21:10:46","guid":{"rendered":"http:\/\/ekid.se\/?p=1354"},"modified":"2024-03-25T11:53:37","modified_gmt":"2024-03-25T09:53:37","slug":"alperna-2007","status":"publish","type":"post","link":"https:\/\/ekid.se\/?p=1354","title":{"rendered":"Alperna 2007"},"content":{"rendered":"<figure id=\"attachment_862\" aria-describedby=\"caption-attachment-862\" style=\"width: 590px\" class=\"wp-caption alignleft\"><a rel=\"attachment wp-att-862\" href=\"http:\/\/ekid.se\/?attachment_id=862\"><img loading=\"lazy\" decoding=\"async\" class=\"size-medium wp-image-862\" title=\"bertechgaden_IMGP4470\" src=\"http:\/\/ekid.se\/wp-content\/uploads\/bertechgaden_IMGP4470-590x392.jpg\" alt=\"\" width=\"590\" height=\"392\" srcset=\"https:\/\/ekid.se\/wp-content\/uploads\/bertechgaden_IMGP4470-590x392.jpg 590w, https:\/\/ekid.se\/wp-content\/uploads\/bertechgaden_IMGP4470-263x175.jpg 263w, https:\/\/ekid.se\/wp-content\/uploads\/bertechgaden_IMGP4470.jpg 950w\" sizes=\"auto, (max-width: 590px) 100vw, 590px\" \/><\/a><figcaption id=\"caption-attachment-862\" class=\"wp-caption-text\">Bertechgaden<\/figcaption><\/figure>\n<p>En kombinerad familjeresa och fotoresa till alparna i b\u00f6rjan av juli 2007. Vi fl\u00f6g till M\u00fcnchen och tog en hyrbil till Bertechgaden i Tyska alperna, vidare till Sell am See och Hohe Tauern nationalpark i \u00d6sterrike f\u00f6r att avsluta i Bayerishe wald nationalpark p\u00e5 gr\u00e4nsen mellan Tyskland och Tjeckien.<\/p>\n","protected":false},"excerpt":{"rendered":"<p>En kombinerad familjeresa och fotoresa till alparna i b\u00f6rjan av juli 2007. Vi fl\u00f6g till M\u00fcnchen och tog en hyrbil [&hellip;]<\/p>\n","protected":false},"author":1,"featured_media":29409,"comment_status":"closed","ping_status":"closed","sticky":false,"template":"","format":"standard","meta":{"footnotes":""},"categories":[5],"tags":[],"class_list":["post-1354","post","type-post","status-publish","format-standard","has-post-thumbnail","hentry","category-resor"],"_links":{"self":[{"href":"https:\/\/ekid.se\/index.php?rest_route=\/wp\/v2\/posts\/1354","targetHints":{"allow":["GET"]}}],"collection":[{"href":"https:\/\/ekid.se\/index.php?rest_route=\/wp\/v2\/posts"}],"about":[{"href":"https:\/\/ekid.se\/index.php?rest_route=\/wp\/v2\/types\/post"}],"author":[{"embeddable":true,"href":"https:\/\/ekid.se\/index.php?rest_route=\/wp\/v2\/users\/1"}],"replies":[{"embeddable":true,"href":"https:\/\/ekid.se\/index.php?rest_route=%2Fwp%2Fv2%2Fcomments&post=1354"}],"version-history":[{"count":5,"href":"https:\/\/ekid.se\/index.php?rest_route=\/wp\/v2\/posts\/1354\/revisions"}],"predecessor-version":[{"id":1372,"href":"https:\/\/ekid.se\/index.php?rest_route=\/wp\/v2\/posts\/1354\/revisions\/1372"}],"wp:featuredmedia":[{"embeddable":true,"href":"https:\/\/ekid.se\/index.php?rest_route=\/wp\/v2\/media\/29409"}],"wp:attachment":[{"href":"https:\/\/ekid.se\/index.php?rest_route=%2Fwp%2Fv2%2Fmedia&parent=1354"}],"wp:term":[{"taxonomy":"category","embeddable":true,"href":"https:\/\/ekid.se\/index.php?rest_route=%2Fwp%2Fv2%2Fcategories&post=1354"},{"taxonomy":"post_tag","embeddable":true,"href":"https:\/\/ekid.se\/index.php?rest_route=%2Fwp%2Fv2%2Ftags&post=1354"}],"curies":[{"name":"wp","href":"https:\/\/api.w.org\/{rel}","templated":true}]}}