{"id":1311,"date":"2009-09-16T22:47:41","date_gmt":"2009-09-16T20:47:41","guid":{"rendered":"http:\/\/ekid.se\/?p=1311"},"modified":"2024-03-26T08:56:57","modified_gmt":"2024-03-26T06:56:57","slug":"fjallen-2009","status":"publish","type":"post","link":"https:\/\/ekid.se\/?p=1311","title":{"rendered":"Fj\u00e4llen 2009"},"content":{"rendered":"<p>\u00a0<\/p>\n<p><a rel=\"attachment wp-att-1029\" href=\"http:\/\/ekid.se\/?attachment_id=1029\"><img loading=\"lazy\" decoding=\"async\" class=\"alignleft size-medium wp-image-1029\" title=\"PB_sarek_090911_IMGP9226\" src=\"http:\/\/ekid.se\/wp-content\/uploads\/PB_sarek_090911_IMGP9226-590x391.jpg\" alt=\"\" width=\"590\" height=\"391\" srcset=\"https:\/\/ekid.se\/wp-content\/uploads\/PB_sarek_090911_IMGP9226-590x391.jpg 590w, https:\/\/ekid.se\/wp-content\/uploads\/PB_sarek_090911_IMGP9226-263x175.jpg 263w, https:\/\/ekid.se\/wp-content\/uploads\/PB_sarek_090911_IMGP9226.jpg 950w\" sizes=\"auto, (max-width: 590px) 100vw, 590px\" \/><\/a>I september 2009 gjorde jag en resa till Stora Sj\u00f6fallets nationalpark med vandring fr\u00e5n Saltoluokta till Kvikkjokk via Sareks nationalpark samt bes\u00f6k i Muddus, Pieljekaise, Bj\u00f6rnlandet och Skuleskogens nationalparker. Totalt 12 dagar med t\u00e5g och hyrbil.<\/p>\n","protected":false},"excerpt":{"rendered":"<p>\u00a0 I september 2009 gjorde jag en resa till Stora Sj\u00f6fallets nationalpark med vandring fr\u00e5n Saltoluokta till Kvikkjokk via Sareks [&hellip;]<\/p>\n","protected":false},"author":1,"featured_media":29486,"comment_status":"closed","ping_status":"closed","sticky":false,"template":"","format":"standard","meta":{"footnotes":""},"categories":[5],"tags":[],"class_list":["post-1311","post","type-post","status-publish","format-standard","has-post-thumbnail","hentry","category-resor"],"_links":{"self":[{"href":"https:\/\/ekid.se\/index.php?rest_route=\/wp\/v2\/posts\/1311","targetHints":{"allow":["GET"]}}],"collection":[{"href":"https:\/\/ekid.se\/index.php?rest_route=\/wp\/v2\/posts"}],"about":[{"href":"https:\/\/ekid.se\/index.php?rest_route=\/wp\/v2\/types\/post"}],"author":[{"embeddable":true,"href":"https:\/\/ekid.se\/index.php?rest_route=\/wp\/v2\/users\/1"}],"replies":[{"embeddable":true,"href":"https:\/\/ekid.se\/index.php?rest_route=%2Fwp%2Fv2%2Fcomments&post=1311"}],"version-history":[{"count":7,"href":"https:\/\/ekid.se\/index.php?rest_route=\/wp\/v2\/posts\/1311\/revisions"}],"predecessor-version":[{"id":2113,"href":"https:\/\/ekid.se\/index.php?rest_route=\/wp\/v2\/posts\/1311\/revisions\/2113"}],"wp:featuredmedia":[{"embeddable":true,"href":"https:\/\/ekid.se\/index.php?rest_route=\/wp\/v2\/media\/29486"}],"wp:attachment":[{"href":"https:\/\/ekid.se\/index.php?rest_route=%2Fwp%2Fv2%2Fmedia&parent=1311"}],"wp:term":[{"taxonomy":"category","embeddable":true,"href":"https:\/\/ekid.se\/index.php?rest_route=%2Fwp%2Fv2%2Fcategories&post=1311"},{"taxonomy":"post_tag","embeddable":true,"href":"https:\/\/ekid.se\/index.php?rest_route=%2Fwp%2Fv2%2Ftags&post=1311"}],"curies":[{"name":"wp","href":"https:\/\/api.w.org\/{rel}","templated":true}]}}