{"id":12601,"date":"2013-08-05T08:50:14","date_gmt":"2013-08-05T06:50:14","guid":{"rendered":"http:\/\/ekid.se\/?p=12601"},"modified":"2020-12-08T14:17:41","modified_gmt":"2020-12-08T12:17:41","slug":"namndo","status":"publish","type":"post","link":"https:\/\/ekid.se\/?p=12601","title":{"rendered":"N\u00e4mnd\u00f6 2013"},"content":{"rendered":"<p><a href=\"http:\/\/ekid.se\/wp-content\/uploads\/2013\/10\/stockholm_PB_130805_IMG_0859.jpg\"><img loading=\"lazy\" decoding=\"async\" class=\"alignleft size-medium wp-image-12602\" alt=\"stockholm_PB_130805_IMG_0859\" src=\"http:\/\/ekid.se\/wp-content\/uploads\/2013\/10\/stockholm_PB_130805_IMG_0859-590x440.jpg\" width=\"590\" height=\"440\" srcset=\"https:\/\/ekid.se\/wp-content\/uploads\/2013\/10\/stockholm_PB_130805_IMG_0859-590x440.jpg 590w, https:\/\/ekid.se\/wp-content\/uploads\/2013\/10\/stockholm_PB_130805_IMG_0859-789x590.jpg 789w, https:\/\/ekid.se\/wp-content\/uploads\/2013\/10\/stockholm_PB_130805_IMG_0859-234x175.jpg 234w, https:\/\/ekid.se\/wp-content\/uploads\/2013\/10\/stockholm_PB_130805_IMG_0859.jpg 1920w\" sizes=\"auto, (max-width: 590px) 100vw, 590px\" \/><\/a> <a href=\"http:\/\/ekid.se\/wp-content\/uploads\/2013\/10\/stockholm_PB_130805_IMG_0878.jpg\"><img loading=\"lazy\" decoding=\"async\" class=\"alignleft size-medium wp-image-12603\" alt=\"stockholm_PB_130805_IMG_0878\" src=\"http:\/\/ekid.se\/wp-content\/uploads\/2013\/10\/stockholm_PB_130805_IMG_0878-590x440.jpg\" width=\"590\" height=\"440\" srcset=\"https:\/\/ekid.se\/wp-content\/uploads\/2013\/10\/stockholm_PB_130805_IMG_0878-590x440.jpg 590w, https:\/\/ekid.se\/wp-content\/uploads\/2013\/10\/stockholm_PB_130805_IMG_0878-789x590.jpg 789w, https:\/\/ekid.se\/wp-content\/uploads\/2013\/10\/stockholm_PB_130805_IMG_0878-234x175.jpg 234w, https:\/\/ekid.se\/wp-content\/uploads\/2013\/10\/stockholm_PB_130805_IMG_0878.jpg 1920w\" sizes=\"auto, (max-width: 590px) 100vw, 590px\" \/><\/a>M\u00e5ndagen den 5:e Augusti \u00e5kte jag till Stockholm f\u00f6r att h\u00e4mta ut mitt Japanska Visa. Valde sedan att \u00e5ka ut i sk\u00e4rg\u00e5rden f\u00f6r att \u00f6vernatta i naturen. Anl\u00e4nde till N\u00e4mnd\u00f6 vid 8 tiden och hann kl\u00e4ttra upp p\u00e5 h\u00f6gsta punkten och se solnedg\u00e5ngen. Sov i t\u00e4lt i strandkanten. \u00c5kte sedan tillbaka till Stockholm vid 12 tiden p\u00e5 tisdagen.<\/p>\n","protected":false},"excerpt":{"rendered":"<p>M\u00e5ndagen den 5:e Augusti \u00e5kte jag till Stockholm f\u00f6r att h\u00e4mta ut mitt Japanska Visa. Valde sedan att \u00e5ka ut [&hellip;]<\/p>\n","protected":false},"author":1,"featured_media":12603,"comment_status":"closed","ping_status":"closed","sticky":false,"template":"","format":"standard","meta":{"footnotes":""},"categories":[23,5],"tags":[],"class_list":["post-12601","post","type-post","status-publish","format-standard","has-post-thumbnail","hentry","category-foto","category-resor"],"_links":{"self":[{"href":"https:\/\/ekid.se\/index.php?rest_route=\/wp\/v2\/posts\/12601","targetHints":{"allow":["GET"]}}],"collection":[{"href":"https:\/\/ekid.se\/index.php?rest_route=\/wp\/v2\/posts"}],"about":[{"href":"https:\/\/ekid.se\/index.php?rest_route=\/wp\/v2\/types\/post"}],"author":[{"embeddable":true,"href":"https:\/\/ekid.se\/index.php?rest_route=\/wp\/v2\/users\/1"}],"replies":[{"embeddable":true,"href":"https:\/\/ekid.se\/index.php?rest_route=%2Fwp%2Fv2%2Fcomments&post=12601"}],"version-history":[{"count":6,"href":"https:\/\/ekid.se\/index.php?rest_route=\/wp\/v2\/posts\/12601\/revisions"}],"predecessor-version":[{"id":23439,"href":"https:\/\/ekid.se\/index.php?rest_route=\/wp\/v2\/posts\/12601\/revisions\/23439"}],"wp:featuredmedia":[{"embeddable":true,"href":"https:\/\/ekid.se\/index.php?rest_route=\/wp\/v2\/media\/12603"}],"wp:attachment":[{"href":"https:\/\/ekid.se\/index.php?rest_route=%2Fwp%2Fv2%2Fmedia&parent=12601"}],"wp:term":[{"taxonomy":"category","embeddable":true,"href":"https:\/\/ekid.se\/index.php?rest_route=%2Fwp%2Fv2%2Fcategories&post=12601"},{"taxonomy":"post_tag","embeddable":true,"href":"https:\/\/ekid.se\/index.php?rest_route=%2Fwp%2Fv2%2Ftags&post=12601"}],"curies":[{"name":"wp","href":"https:\/\/api.w.org\/{rel}","templated":true}]}}