{"id":1209,"date":"2009-09-15T19:33:54","date_gmt":"2009-09-15T17:33:54","guid":{"rendered":"http:\/\/ekid.se\/?p=1209"},"modified":"2024-03-26T08:56:18","modified_gmt":"2024-03-26T06:56:18","slug":"peljekaise-nationalpark","status":"publish","type":"post","link":"https:\/\/ekid.se\/?p=1209","title":{"rendered":"Pieljekaise nationalpark"},"content":{"rendered":"<p><a rel=\"attachment wp-att-1210\" href=\"http:\/\/ekid.se\/?attachment_id=1210\"><img loading=\"lazy\" decoding=\"async\" class=\"alignleft size-medium wp-image-1210\" title=\"PB__fjallen_090915_IMGP0608\" src=\"http:\/\/ekid.se\/wp-content\/uploads\/PB__fjallen_090915_IMGP0608-590x391.jpg\" alt=\"\" width=\"590\" height=\"391\" srcset=\"https:\/\/ekid.se\/wp-content\/uploads\/PB__fjallen_090915_IMGP0608-590x391.jpg 590w, https:\/\/ekid.se\/wp-content\/uploads\/PB__fjallen_090915_IMGP0608-263x175.jpg 263w, https:\/\/ekid.se\/wp-content\/uploads\/PB__fjallen_090915_IMGP0608.jpg 950w\" sizes=\"auto, (max-width: 590px) 100vw, 590px\" \/><\/a><\/p>\n<p>Pieljekaise nationalpark bildades redan\u00a01909. Parken \u00e4r 15340 hektar stor och ligger i syd\u00f6stra delen av Norrbottens l\u00e4n. Peiljekaise \u00e4r ett avl\u00e5ngt och relativt flackt fj\u00e4ll och best\u00e5r av kalfj\u00e4ll och fj\u00e4llbj\u00f6rkskogar.<\/p>\n","protected":false},"excerpt":{"rendered":"<p>Pieljekaise nationalpark bildades redan\u00a01909. Parken \u00e4r 15340 hektar stor och ligger i syd\u00f6stra delen av Norrbottens l\u00e4n. Peiljekaise \u00e4r ett [&hellip;]<\/p>\n","protected":false},"author":1,"featured_media":29485,"comment_status":"closed","ping_status":"closed","sticky":false,"template":"","format":"standard","meta":{"footnotes":""},"categories":[25],"tags":[],"class_list":["post-1209","post","type-post","status-publish","format-standard","has-post-thumbnail","hentry","category-sveriges-nationalparker"],"_links":{"self":[{"href":"https:\/\/ekid.se\/index.php?rest_route=\/wp\/v2\/posts\/1209","targetHints":{"allow":["GET"]}}],"collection":[{"href":"https:\/\/ekid.se\/index.php?rest_route=\/wp\/v2\/posts"}],"about":[{"href":"https:\/\/ekid.se\/index.php?rest_route=\/wp\/v2\/types\/post"}],"author":[{"embeddable":true,"href":"https:\/\/ekid.se\/index.php?rest_route=\/wp\/v2\/users\/1"}],"replies":[{"embeddable":true,"href":"https:\/\/ekid.se\/index.php?rest_route=%2Fwp%2Fv2%2Fcomments&post=1209"}],"version-history":[{"count":9,"href":"https:\/\/ekid.se\/index.php?rest_route=\/wp\/v2\/posts\/1209\/revisions"}],"predecessor-version":[{"id":1215,"href":"https:\/\/ekid.se\/index.php?rest_route=\/wp\/v2\/posts\/1209\/revisions\/1215"}],"wp:featuredmedia":[{"embeddable":true,"href":"https:\/\/ekid.se\/index.php?rest_route=\/wp\/v2\/media\/29485"}],"wp:attachment":[{"href":"https:\/\/ekid.se\/index.php?rest_route=%2Fwp%2Fv2%2Fmedia&parent=1209"}],"wp:term":[{"taxonomy":"category","embeddable":true,"href":"https:\/\/ekid.se\/index.php?rest_route=%2Fwp%2Fv2%2Fcategories&post=1209"},{"taxonomy":"post_tag","embeddable":true,"href":"https:\/\/ekid.se\/index.php?rest_route=%2Fwp%2Fv2%2Ftags&post=1209"}],"curies":[{"name":"wp","href":"https:\/\/api.w.org\/{rel}","templated":true}]}}