{"id":1205,"date":"2009-09-14T19:31:03","date_gmt":"2009-09-14T17:31:03","guid":{"rendered":"http:\/\/ekid.se\/?p=1205"},"modified":"2024-03-26T08:55:47","modified_gmt":"2024-03-26T06:55:47","slug":"muddus-nationalpark","status":"publish","type":"post","link":"https:\/\/ekid.se\/?p=1205","title":{"rendered":"Muddus nationalpark"},"content":{"rendered":"<p><a rel=\"attachment wp-att-1206\" href=\"http:\/\/ekid.se\/?attachment_id=1206\"><img loading=\"lazy\" decoding=\"async\" class=\"alignleft size-medium wp-image-1206\" title=\"PB__fjallen_090914_IMGP0027\" src=\"http:\/\/ekid.se\/wp-content\/uploads\/PB__fjallen_090914_IMGP0027-590x391.jpg\" alt=\"\" width=\"590\" height=\"391\" srcset=\"https:\/\/ekid.se\/wp-content\/uploads\/PB__fjallen_090914_IMGP0027-590x391.jpg 590w, https:\/\/ekid.se\/wp-content\/uploads\/PB__fjallen_090914_IMGP0027-263x175.jpg 263w, https:\/\/ekid.se\/wp-content\/uploads\/PB__fjallen_090914_IMGP0027.jpg 950w\" sizes=\"auto, (max-width: 590px) 100vw, 590px\" \/><\/a><\/p>\n<p>Muddus nationalpark bildades 1942 och utvidgades 1984. Parken \u00e4r idag 49340 hektar stor och best\u00e5r fr\u00e4mst av gammal barrskog och myrmarker. H\u00e4r finns \u00e4ven dramatiska raviner i den s\u00f6dra delen av parken. Bilv\u00e4g finns fram till s\u00f6dra delen och i kanten av den norra myrrika delen. I parken finns vandringsleder och \u00f6vernattningsstugor.<\/p>\n","protected":false},"excerpt":{"rendered":"<p>Muddus nationalpark bildades 1942 och utvidgades 1984. Parken \u00e4r idag 49340 hektar stor och best\u00e5r fr\u00e4mst av gammal barrskog och [&hellip;]<\/p>\n","protected":false},"author":1,"featured_media":29484,"comment_status":"closed","ping_status":"closed","sticky":false,"template":"","format":"standard","meta":{"footnotes":""},"categories":[25],"tags":[],"class_list":["post-1205","post","type-post","status-publish","format-standard","has-post-thumbnail","hentry","category-sveriges-nationalparker"],"_links":{"self":[{"href":"https:\/\/ekid.se\/index.php?rest_route=\/wp\/v2\/posts\/1205","targetHints":{"allow":["GET"]}}],"collection":[{"href":"https:\/\/ekid.se\/index.php?rest_route=\/wp\/v2\/posts"}],"about":[{"href":"https:\/\/ekid.se\/index.php?rest_route=\/wp\/v2\/types\/post"}],"author":[{"embeddable":true,"href":"https:\/\/ekid.se\/index.php?rest_route=\/wp\/v2\/users\/1"}],"replies":[{"embeddable":true,"href":"https:\/\/ekid.se\/index.php?rest_route=%2Fwp%2Fv2%2Fcomments&post=1205"}],"version-history":[{"count":7,"href":"https:\/\/ekid.se\/index.php?rest_route=\/wp\/v2\/posts\/1205\/revisions"}],"predecessor-version":[{"id":1220,"href":"https:\/\/ekid.se\/index.php?rest_route=\/wp\/v2\/posts\/1205\/revisions\/1220"}],"wp:featuredmedia":[{"embeddable":true,"href":"https:\/\/ekid.se\/index.php?rest_route=\/wp\/v2\/media\/29484"}],"wp:attachment":[{"href":"https:\/\/ekid.se\/index.php?rest_route=%2Fwp%2Fv2%2Fmedia&parent=1205"}],"wp:term":[{"taxonomy":"category","embeddable":true,"href":"https:\/\/ekid.se\/index.php?rest_route=%2Fwp%2Fv2%2Fcategories&post=1205"},{"taxonomy":"post_tag","embeddable":true,"href":"https:\/\/ekid.se\/index.php?rest_route=%2Fwp%2Fv2%2Ftags&post=1205"}],"curies":[{"name":"wp","href":"https:\/\/api.w.org\/{rel}","templated":true}]}}