{"id":1197,"date":"2009-09-17T19:26:29","date_gmt":"2009-09-17T17:26:29","guid":{"rendered":"http:\/\/ekid.se\/?p=1197"},"modified":"2024-03-26T08:57:46","modified_gmt":"2024-03-26T06:57:46","slug":"bjornlandets-nationalpark","status":"publish","type":"post","link":"https:\/\/ekid.se\/?p=1197","title":{"rendered":"Bj\u00f6rnlandets nationalpark"},"content":{"rendered":"<p><a rel=\"attachment wp-att-1198\" href=\"http:\/\/ekid.se\/?attachment_id=1198\"><img loading=\"lazy\" decoding=\"async\" class=\"alignleft size-medium wp-image-1198\" title=\"PB__tyskland_090917_IMGP0778\" src=\"http:\/\/ekid.se\/wp-content\/uploads\/PB__tyskland_090917_IMGP0778-590x391.jpg\" alt=\"\" width=\"590\" height=\"391\" srcset=\"https:\/\/ekid.se\/wp-content\/uploads\/PB__tyskland_090917_IMGP0778-590x391.jpg 590w, https:\/\/ekid.se\/wp-content\/uploads\/PB__tyskland_090917_IMGP0778-263x175.jpg 263w, https:\/\/ekid.se\/wp-content\/uploads\/PB__tyskland_090917_IMGP0778.jpg 950w\" sizes=\"auto, (max-width: 590px) 100vw, 590px\" \/><\/a><\/p>\n<p>Bj\u00f6rnlandets nationalpark bildades 1991. Parken \u00e4r 1100 hektar stor och best\u00e5r av gammal barrskog med tydliga sp\u00e5r av br\u00e4nder. Bj\u00f6rnlandet ligger i s\u00f6dra delen av V\u00e4sternorrlands l\u00e4n. Bj\u00f6rnlandet \u00e4r ett exempel p\u00e5 mellannorrlands m\u00e5ttligt kuperade skogslandskap och fr\u00e5n h\u00f6gsta punkten ca 100 meter \u00f6ver kringliggande landskap ges en fin utsikt.<\/p>\n","protected":false},"excerpt":{"rendered":"<p>Bj\u00f6rnlandets nationalpark bildades 1991. Parken \u00e4r 1100 hektar stor och best\u00e5r av gammal barrskog med tydliga sp\u00e5r av br\u00e4nder. Bj\u00f6rnlandet [&hellip;]<\/p>\n","protected":false},"author":1,"featured_media":29487,"comment_status":"closed","ping_status":"closed","sticky":false,"template":"","format":"standard","meta":{"footnotes":""},"categories":[25],"tags":[],"class_list":["post-1197","post","type-post","status-publish","format-standard","has-post-thumbnail","hentry","category-sveriges-nationalparker"],"_links":{"self":[{"href":"https:\/\/ekid.se\/index.php?rest_route=\/wp\/v2\/posts\/1197","targetHints":{"allow":["GET"]}}],"collection":[{"href":"https:\/\/ekid.se\/index.php?rest_route=\/wp\/v2\/posts"}],"about":[{"href":"https:\/\/ekid.se\/index.php?rest_route=\/wp\/v2\/types\/post"}],"author":[{"embeddable":true,"href":"https:\/\/ekid.se\/index.php?rest_route=\/wp\/v2\/users\/1"}],"replies":[{"embeddable":true,"href":"https:\/\/ekid.se\/index.php?rest_route=%2Fwp%2Fv2%2Fcomments&post=1197"}],"version-history":[{"count":7,"href":"https:\/\/ekid.se\/index.php?rest_route=\/wp\/v2\/posts\/1197\/revisions"}],"predecessor-version":[{"id":1223,"href":"https:\/\/ekid.se\/index.php?rest_route=\/wp\/v2\/posts\/1197\/revisions\/1223"}],"wp:featuredmedia":[{"embeddable":true,"href":"https:\/\/ekid.se\/index.php?rest_route=\/wp\/v2\/media\/29487"}],"wp:attachment":[{"href":"https:\/\/ekid.se\/index.php?rest_route=%2Fwp%2Fv2%2Fmedia&parent=1197"}],"wp:term":[{"taxonomy":"category","embeddable":true,"href":"https:\/\/ekid.se\/index.php?rest_route=%2Fwp%2Fv2%2Fcategories&post=1197"},{"taxonomy":"post_tag","embeddable":true,"href":"https:\/\/ekid.se\/index.php?rest_route=%2Fwp%2Fv2%2Ftags&post=1197"}],"curies":[{"name":"wp","href":"https:\/\/api.w.org\/{rel}","templated":true}]}}