{"id":10955,"date":"2013-04-04T08:58:48","date_gmt":"2013-04-04T06:58:48","guid":{"rendered":"http:\/\/ekid.se\/?p=10955"},"modified":"2020-12-08T14:17:58","modified_gmt":"2020-12-08T12:17:58","slug":"tradgardar-i-kyoto","status":"publish","type":"post","link":"https:\/\/ekid.se\/?p=10955","title":{"rendered":"Tr\u00e4dg\u00e5rdar i Kyoto 2013"},"content":{"rendered":"<p>Jag gillar engelsm\u00e4n! De \u00e4r s\u00e5 sociala och trevliga och l\u00e4tta att prata med. Och s\u00e5 har de en s\u00e5 h\u00e4rlig humor med lagom mycket ironi och sarkasm men med glimten i \u00f6gat. D\u00e4rf\u00f6r var det en mycket angen\u00e4m upplevelse att tillbringa en hel dag med en grupp p\u00e5 15 engelsm\u00e4n och tv\u00e5 skottar. Allt b\u00f6rjade med en kontakt som jag fick med Sam Youd via EU-projektet Hybrid parks. Sam fick h\u00f6ra om mitt intresse f\u00f6r japanska tr\u00e4dg\u00e5rdar och bj\u00f6d in mig till Tatton park i England d\u00e4r han varit chef i n\u00e4rmare 30 \u00e5r. Tatton park har ocks\u00e5 en av Europas finaste japanska tr\u00e4dg\u00e5rdar och i arbetet med att restaurera den 100 \u00e5r gamla tr\u00e4dg\u00e5rden hade Sam hj\u00e4lp av Samao Fukuhara som \u00e4r specialist p\u00e5 japanska tr\u00e4dg\u00e5rdar vid Osaka universitet. Sam gav mig adressen till Fukuhara som i sin tur bj\u00f6d in mig till en heldag med det engelska s\u00e4llskapet &#8221;The japanese garden society&#8221; som hade en tv\u00e5 veckors resa till Kyoto. Jag fick ocks\u00e5 den stora \u00e4ran att f\u00e5 g\u00f6ra en kort intervju med&nbsp;herr Fukuhara p\u00e5 morgonen innan rundturen.<\/p>\n<p><a href=\"http:\/\/ekid.se\/wp-content\/uploads\/2013\/04\/04042013-IMG_2929.jpg\"><img loading=\"lazy\" decoding=\"async\" class=\"alignleft size-medium wp-image-10957\" alt=\"04042013-IMG_2929\" src=\"http:\/\/ekid.se\/wp-content\/uploads\/2013\/04\/04042013-IMG_2929-590x442.jpg\" width=\"590\" height=\"442\" srcset=\"https:\/\/ekid.se\/wp-content\/uploads\/2013\/04\/04042013-IMG_2929-590x442.jpg 590w, https:\/\/ekid.se\/wp-content\/uploads\/2013\/04\/04042013-IMG_2929-786x590.jpg 786w, https:\/\/ekid.se\/wp-content\/uploads\/2013\/04\/04042013-IMG_2929-233x175.jpg 233w, https:\/\/ekid.se\/wp-content\/uploads\/2013\/04\/04042013-IMG_2929.jpg 1920w\" sizes=\"auto, (max-width: 590px) 100vw, 590px\" \/><\/a><\/p>\n<p>Fukuhara \u00e4r landskapsarkitekt och har under m\u00e5nga \u00e5r utbildat elever vid Osaka Universitet f\u00f6r konst och avdelningen f\u00f6r planering. Hans genombrott i Europa kom 1996 n\u00e4r han fick m\u00f6jlighet att medverka i restaureringen av den japanska tr\u00e4dg\u00e5rden i Kew garden i London. Han formgav den fina stentr\u00e4dg\u00e5rden intill den japanska paviljonten. Detta f\u00f6rsta uppdrag gav seden fler m\u00f6jligheter med restaureringen av den japanska tr\u00e4dg\u00e5rden i Tatton park 2001 och samma \u00e5r gjorde han en japansk tr\u00e4dg\u00e5rd till Chelsea flower show som vann guldmedelj. Tr\u00e4dg\u00e5rden flyttades sedan till Wales national botanical garden d\u00e4r den idag finns att besk\u00e5da. Fukahara har sedan dess gjort ett flerta workshops i England f\u00f6r intresserade av japanska tr\u00e4dg\u00e5rdar. Han har \u00e4ven arbetat i Nice och Turkiet med att anl\u00e4gga japanska tr\u00e4dg\u00e5rdar. Det har ocks\u00e5 blivit en del privata tr\u00e4dg\u00e5rdsuppdrag bland annat i London. Det \u00e4r min f\u00f6rhoppning att kunna g\u00f6ra en artikel utifr\u00e5n min intervju med Fukuhara f\u00f6r n\u00e5gon tidskrift i Sverige.<a href=\"http:\/\/ekid.se\/wp-content\/uploads\/2013\/04\/04042013-IMG_2923.jpg\"><img loading=\"lazy\" decoding=\"async\" class=\"alignleft size-medium wp-image-10965\" alt=\"04042013-IMG_2923\" src=\"http:\/\/ekid.se\/wp-content\/uploads\/2013\/04\/04042013-IMG_2923-590x442.jpg\" width=\"590\" height=\"442\" srcset=\"https:\/\/ekid.se\/wp-content\/uploads\/2013\/04\/04042013-IMG_2923-590x442.jpg 590w, https:\/\/ekid.se\/wp-content\/uploads\/2013\/04\/04042013-IMG_2923-786x590.jpg 786w, https:\/\/ekid.se\/wp-content\/uploads\/2013\/04\/04042013-IMG_2923-233x175.jpg 233w, https:\/\/ekid.se\/wp-content\/uploads\/2013\/04\/04042013-IMG_2923.jpg 1920w\" sizes=\"auto, (max-width: 590px) 100vw, 590px\" \/><\/a><\/p>\n<p>&nbsp;<\/p>\n<p>Under v\u00e5r rundvandring i Kyoto blev vi guidade av Nori, Junior och Hiro-sam (minns inte hans fullst\u00e4ndiga namn). Nori \u00e4r en japansk tr\u00e4dg\u00e5rdsdesigner som f\u00e5tt sin utbildning i England. Hon ber\u00e4ttade att hennes intresse f\u00f6r japanska tr\u00e4dg\u00e5rdar kom f\u00f6rst n\u00e4r hon studerade i England. Innan dess tyckte hon de var tr\u00e5kiga och l\u00e4ngtade mer efter det exotiska europeiska tr\u00e4dg\u00e5rdsidealet. P\u00e5 grund av hennes tid i England fick hon \u00f6vers\u00e4tta vad som sades mellan engelska och japanska. Junior och Hiro \u00e4r tr\u00e4dg\u00e5rdsm\u00e4stare med m\u00e5ng\u00e5rig erfarenhet av praktiskt arbete. Junior pratar en del engelska medan Hiro inte g\u00e4rna g\u00f6r det.<\/p>\n<p><a href=\"http:\/\/ekid.se\/wp-content\/uploads\/2013\/04\/04042013-IMG_2918.jpg\"><img loading=\"lazy\" decoding=\"async\" class=\"alignleft size-medium wp-image-10959\" alt=\"04042013-IMG_2918\" src=\"http:\/\/ekid.se\/wp-content\/uploads\/2013\/04\/04042013-IMG_2918-590x442.jpg\" width=\"590\" height=\"442\" srcset=\"https:\/\/ekid.se\/wp-content\/uploads\/2013\/04\/04042013-IMG_2918-590x442.jpg 590w, https:\/\/ekid.se\/wp-content\/uploads\/2013\/04\/04042013-IMG_2918-786x590.jpg 786w, https:\/\/ekid.se\/wp-content\/uploads\/2013\/04\/04042013-IMG_2918-233x175.jpg 233w, https:\/\/ekid.se\/wp-content\/uploads\/2013\/04\/04042013-IMG_2918.jpg 1920w\" sizes=\"auto, (max-width: 590px) 100vw, 590px\" \/><\/a>&#8211;<a href=\"http:\/\/ekid.se\/wp-content\/uploads\/2013\/04\/04042013-IMG_2932.jpg\"><img loading=\"lazy\" decoding=\"async\" class=\"alignleft size-medium wp-image-10966\" alt=\"04042013-IMG_2932\" src=\"http:\/\/ekid.se\/wp-content\/uploads\/2013\/04\/04042013-IMG_2932-590x442.jpg\" width=\"590\" height=\"442\" srcset=\"https:\/\/ekid.se\/wp-content\/uploads\/2013\/04\/04042013-IMG_2932-590x442.jpg 590w, https:\/\/ekid.se\/wp-content\/uploads\/2013\/04\/04042013-IMG_2932-786x590.jpg 786w, https:\/\/ekid.se\/wp-content\/uploads\/2013\/04\/04042013-IMG_2932-233x175.jpg 233w, https:\/\/ekid.se\/wp-content\/uploads\/2013\/04\/04042013-IMG_2932.jpg 1920w\" sizes=\"auto, (max-width: 590px) 100vw, 590px\" \/><\/a><\/p>\n<p>Vi b\u00f6rjade med att vandra till ett litet tempel strax nordv\u00e4st om Kyoto station. H\u00e4r tar man normalt inte emot bes\u00f6kare men Fukuhara hade lyckats \u00f6vertala ledningen om att sl\u00e4ppa in oss. Det var en uts\u00f6kt liten stentr\u00e4dg\u00e5rd som l\u00e5g l\u00e4ngs med huvudsalen i templet. Anl\u00e4ggningen hade tidigare funnits p\u00e5 en annnan plats men tvingats flytta p\u00e5 1950-talet d\u00e5 en ny skola skulle uppf\u00f6ras. M\u00e4rkligt att man till\u00e4t en av Kyotos finare tr\u00e4dg\u00e5rdar uppf\u00f6rd av k\u00e4nda tr\u00e4dg\u00e5rdsanl\u00e4ggare p\u00e5 medeltiden att f\u00f6rst\u00f6ras. Halva tr\u00e4dg\u00e5rden kunde \u00e5teruppf\u00f6ras p\u00e5 den nya platsen och det var en sv\u00e5r uppgift f\u00f6r arkitekten att f\u00e5 in s\u00e5 mycket som m\u00f6jligt av de v\u00e4sentliga elementen i den nya tr\u00e4dg\u00e5rden. Huvudtemat \u00e4r en stilistisk b\u00e4ck best\u00e5ende av stora flata runda stenar som omges av mosskl\u00e4dda kullar, v\u00e4lplacerade stenar och n\u00e5gra tr\u00e4d och buskar i bakgrunden.<\/p>\n<p>V\u00e5rt n\u00e4sta bes\u00f6k blev den publika tr\u00e4dg\u00e5rden Shosei-en som tillh\u00f6r&nbsp; Higashi Hinganji templet men ligger ca 400 meter \u00f6sterut, strax nord\u00f6st om Kyoto station. Detta \u00e4r en klassisk promenadtr\u00e4dg\u00e5rd kring en damm med flera fina byggnader. K\u00f6rsb\u00e4rsblommorna stod i full blom och parken var full av aktiviteter med m\u00e5nga kimonokl\u00e4dda bes\u00f6kare och v\u00e4rdinnor i tehusen. Tr\u00e4dg\u00e5rden har m\u00e5nga mindre delar med flera sm\u00e5 tehus med tillh\u00f6rande tr\u00e4dg\u00e5rd, en takkl\u00e4dd tr\u00e4dbro och mindre paviljonger f\u00f6r att betrakta tr\u00e4dg\u00e5rden. Vid infarten finns en imponerande stenmur ca 3 meter h\u00f6g best\u00e5ende av en blandning av gamla och nya stenar i olika former.<a href=\"http:\/\/ekid.se\/wp-content\/uploads\/2013\/04\/04042013-IMG_2875.jpg\"><img loading=\"lazy\" decoding=\"async\" class=\"alignleft size-medium wp-image-10960\" alt=\"04042013-IMG_2875\" src=\"http:\/\/ekid.se\/wp-content\/uploads\/2013\/04\/04042013-IMG_2875-590x442.jpg\" width=\"590\" height=\"442\" srcset=\"https:\/\/ekid.se\/wp-content\/uploads\/2013\/04\/04042013-IMG_2875-590x442.jpg 590w, https:\/\/ekid.se\/wp-content\/uploads\/2013\/04\/04042013-IMG_2875-786x590.jpg 786w, https:\/\/ekid.se\/wp-content\/uploads\/2013\/04\/04042013-IMG_2875-233x175.jpg 233w, https:\/\/ekid.se\/wp-content\/uploads\/2013\/04\/04042013-IMG_2875.jpg 1920w\" sizes=\"auto, (max-width: 590px) 100vw, 590px\" \/><\/a><\/p>\n<p>Dagens tredje och sista bes\u00f6ka blev till Nishi Honganju templet nordv\u00e4st om Kyoto station (mycket promonerande fram och tillbaka). H\u00e4r fick vi m\u00f6jlighet att se tv\u00e5 fantastiskt fina mindre tr\u00e4dg\u00e5rdar som bara kan ses i guidade grupper. Templets guide ber\u00e4ttade p\u00e5 japanska och Nori \u00f6versatte efter b\u00e4sta f\u00f6rm\u00e5ga f\u00f6r den engelskspr\u00e5kiga halvan av gruppen. Vi b\u00f6rjade med Hiunkaku som \u00e4r i klass med Kinkaku och Kankaku templen. Detta \u00e4r ett g\u00e4sthus som ligger mycket vackert i en damm med broar ut och ursprungligen anl\u00e4nde bes\u00f6karna i b\u00e5t till en d\u00f6rr i vattenbrynet. Den andra tr\u00e4dg\u00e5rden var Kokei no Niwa &#8211; tigercanjontr\u00e4dg\u00e5rden. Detta \u00e4r en stentr\u00e4dg\u00e5rd som skall betraktas fr\u00e5n templet och h\u00e4r finns ett stort antal mindre palmtr\u00e4d p\u00e5 kullarna. Tr\u00e4dg\u00e5rden \u00e4r kinesiskt inspirerad och \u00e5terger landskapet vid Rozan i Kina. Tempeltaket i bakgrunden \u00e5terspeglar formen av berget Rozan. Vi blev ocks\u00e5 visade de finas salarna, speciellt storksalen, och den gamla noscenen. Ingen av dessa platser fick vi dock fotografera. Det \u00e4r oftast fotof\u00f6rbud p\u00e5 de mindre templen och p\u00e5 tempel med m\u00e5nga dyrbarheter. Man \u00e4r r\u00e4dd f\u00f6r att det l\u00e4ggs ut f\u00f6r mycket foto p\u00e5 webben av olika anledningar.<\/p>\n<p>Jag var mycket n\u00f6jd efter min dag med den engelska gruppen och v\u00e5ra duktiga guider. Jag l\u00e4rde mig lika mycket fr\u00e5n engelsm\u00e4nnen som fr\u00e5n guiderna eftersom s\u00e4llskapet har mycket kunniga och engagerade medlemmar som g\u00e4rna delar med sig av sina kunskaper.<\/p>\n<p><a href=\"http:\/\/ekid.se\/wp-content\/uploads\/2013\/04\/04042013-IMG_2936.jpg\"><img loading=\"lazy\" decoding=\"async\" class=\"alignleft size-medium wp-image-10962\" alt=\"04042013-IMG_2936\" src=\"http:\/\/ekid.se\/wp-content\/uploads\/2013\/04\/04042013-IMG_2936-590x442.jpg\" width=\"590\" height=\"442\" srcset=\"https:\/\/ekid.se\/wp-content\/uploads\/2013\/04\/04042013-IMG_2936-590x442.jpg 590w, https:\/\/ekid.se\/wp-content\/uploads\/2013\/04\/04042013-IMG_2936-786x590.jpg 786w, https:\/\/ekid.se\/wp-content\/uploads\/2013\/04\/04042013-IMG_2936-233x175.jpg 233w, https:\/\/ekid.se\/wp-content\/uploads\/2013\/04\/04042013-IMG_2936.jpg 1920w\" sizes=\"auto, (max-width: 590px) 100vw, 590px\" \/><\/a><\/p>\n<p><a href=\"http:\/\/ekid.se\/wp-content\/uploads\/2013\/04\/04042013-IMG_2869.jpg\"><img loading=\"lazy\" decoding=\"async\" class=\"alignleft size-medium wp-image-10961\" alt=\"04042013-IMG_2869\" src=\"http:\/\/ekid.se\/wp-content\/uploads\/2013\/04\/04042013-IMG_2869-590x442.jpg\" width=\"590\" height=\"442\" srcset=\"https:\/\/ekid.se\/wp-content\/uploads\/2013\/04\/04042013-IMG_2869-590x442.jpg 590w, https:\/\/ekid.se\/wp-content\/uploads\/2013\/04\/04042013-IMG_2869-786x590.jpg 786w, https:\/\/ekid.se\/wp-content\/uploads\/2013\/04\/04042013-IMG_2869-233x175.jpg 233w, https:\/\/ekid.se\/wp-content\/uploads\/2013\/04\/04042013-IMG_2869.jpg 1920w\" sizes=\"auto, (max-width: 590px) 100vw, 590px\" \/><\/a><\/p>\n","protected":false},"excerpt":{"rendered":"<p>Jag gillar engelsm\u00e4n! De \u00e4r s\u00e5 sociala och trevliga och l\u00e4tta att prata med. Och s\u00e5 har de en s\u00e5 [&hellip;]<\/p>\n","protected":false},"author":1,"featured_media":10968,"comment_status":"closed","ping_status":"closed","sticky":false,"template":"","format":"standard","meta":{"footnotes":""},"categories":[5,32],"tags":[],"class_list":["post-10955","post","type-post","status-publish","format-standard","has-post-thumbnail","hentry","category-resor","category-tradgard"],"_links":{"self":[{"href":"https:\/\/ekid.se\/index.php?rest_route=\/wp\/v2\/posts\/10955","targetHints":{"allow":["GET"]}}],"collection":[{"href":"https:\/\/ekid.se\/index.php?rest_route=\/wp\/v2\/posts"}],"about":[{"href":"https:\/\/ekid.se\/index.php?rest_route=\/wp\/v2\/types\/post"}],"author":[{"embeddable":true,"href":"https:\/\/ekid.se\/index.php?rest_route=\/wp\/v2\/users\/1"}],"replies":[{"embeddable":true,"href":"https:\/\/ekid.se\/index.php?rest_route=%2Fwp%2Fv2%2Fcomments&post=10955"}],"version-history":[{"count":10,"href":"https:\/\/ekid.se\/index.php?rest_route=\/wp\/v2\/posts\/10955\/revisions"}],"predecessor-version":[{"id":23440,"href":"https:\/\/ekid.se\/index.php?rest_route=\/wp\/v2\/posts\/10955\/revisions\/23440"}],"wp:featuredmedia":[{"embeddable":true,"href":"https:\/\/ekid.se\/index.php?rest_route=\/wp\/v2\/media\/10968"}],"wp:attachment":[{"href":"https:\/\/ekid.se\/index.php?rest_route=%2Fwp%2Fv2%2Fmedia&parent=10955"}],"wp:term":[{"taxonomy":"category","embeddable":true,"href":"https:\/\/ekid.se\/index.php?rest_route=%2Fwp%2Fv2%2Fcategories&post=10955"},{"taxonomy":"post_tag","embeddable":true,"href":"https:\/\/ekid.se\/index.php?rest_route=%2Fwp%2Fv2%2Ftags&post=10955"}],"curies":[{"name":"wp","href":"https:\/\/api.w.org\/{rel}","templated":true}]}}